{"id":2153,"date":"2021-11-14T18:32:56","date_gmt":"2021-11-14T17:32:56","guid":{"rendered":"https:\/\/voile-escalade.com\/vertigoblue\/?p=2153"},"modified":"2022-02-21T12:34:07","modified_gmt":"2022-02-21T11:34:07","slug":"le-programme-2022","status":"publish","type":"post","link":"https:\/\/voile-escalade.com\/vertigoblue\/le-programme-2022\/","title":{"rendered":"Le Programme 2022"},"content":{"rendered":"<p>[et_pb_section fb_built=\u00a0\u00bb1&Prime; _builder_version=\u00a0\u00bb3.22&Prime;][et_pb_row _builder_version=\u00a0\u00bb3.25&Prime; background_size=\u00a0\u00bbinitial\u00a0\u00bb background_position=\u00a0\u00bbtop_left\u00a0\u00bb background_repeat=\u00a0\u00bbrepeat\u00a0\u00bb][et_pb_column type=\u00a0\u00bb4_4&Prime; _builder_version=\u00a0\u00bb3.25&Prime; custom_padding=\u00a0\u00bb|||\u00a0\u00bb custom_padding__hover=\u00a0\u00bb|||\u00a0\u00bb][et_pb_image src=\u00a0\u00bbhttps:\/\/voile-escalade.com\/vertigoblue\/wp-content\/uploads\/2021\/11\/destinations-vertigo-blue-mediterranee-voyage-voile.jpg\u00a0\u00bb _builder_version=\u00a0\u00bb4.3.4&Prime;][\/et_pb_image][et_pb_text _builder_version=\u00a0\u00bb4.3.4&Prime; background_size=\u00a0\u00bbinitial\u00a0\u00bb background_position=\u00a0\u00bbtop_left\u00a0\u00bb background_repeat=\u00a0\u00bbrepeat\u00a0\u00bb]<\/p>\n<div class=\"kvgmc6g5 cxmmr5t8 oygrvhab hcukyx3x c1et5uql ii04i59q\">\n<div dir=\"auto\">\n<div class=\"kvgmc6g5 cxmmr5t8 oygrvhab hcukyx3x c1et5uql ii04i59q\">\n<div dir=\"auto\">\u00a0<\/div>\n<div dir=\"auto\">\u00a0<\/div>\n<\/div>\n<\/div>\n<\/div>\n<table role=\"presentation\" border=\"0\" width=\"100%\" cellspacing=\"0\" cellpadding=\"0\">\n<tbody>\n<tr>\n<td class=\"m_-7807325749239029935r14-c\" align=\"left\">\n<table class=\"m_-7807325749239029935r15-o\" role=\"presentation\" border=\"0\" width=\"100%\" cellspacing=\"0\" cellpadding=\"0\">\n<tbody>\n<tr>\n<td class=\"m_-7807325749239029935r20-i m_-7807325749239029935nl2go-default-textstyle\" align=\"left\" valign=\"top\">\n<div>\n<h2 class=\"m_-7807325749239029935default-heading2\">Destinations &amp; s\u00e9jours<\/h2>\n<\/div>\n<\/td>\n<\/tr>\n<\/tbody>\n<\/table>\n<\/td>\n<\/tr>\n<tr>\n<td class=\"m_-7807325749239029935r14-c\" align=\"left\">\n<table class=\"m_-7807325749239029935r15-o\" role=\"presentation\" border=\"0\" width=\"100%\" cellspacing=\"0\" cellpadding=\"0\">\n<tbody>\n<tr class=\"m_-7807325749239029935nl2go-responsive-hide\">\n<td height=\"15\">\u00ad<\/td>\n<\/tr>\n<tr>\n<td class=\"m_-7807325749239029935r21-i m_-7807325749239029935nl2go-default-textstyle\" align=\"left\" valign=\"top\">\n<div>\n<p>La saison 2021 se termine. Malgr\u00e9 une ann\u00e9e \u00e0 nouveau faite d\u2019incertitudes et de projets report\u00e9s, cela aura \u00e9t\u00e9 pour Vertigo Blue une ann\u00e9e de concr\u00e9tisation\u00a0: beaucoup de rencontres, l\u2019approfondissement de partenariats initi\u00e9s en 2020, et surtout les premiers d\u00e9parts!<\/p>\n<\/div>\n<\/td>\n<\/tr>\n<tr class=\"m_-7807325749239029935nl2go-responsive-hide\">\n<td height=\"15\">\u00ad<\/td>\n<\/tr>\n<\/tbody>\n<\/table>\n<\/td>\n<\/tr>\n<tr>\n<td class=\"m_-7807325749239029935r14-c\" align=\"left\">\n<table class=\"m_-7807325749239029935r15-o\" role=\"presentation\" border=\"0\" width=\"100%\" cellspacing=\"0\" cellpadding=\"0\">\n<tbody>\n<tr class=\"m_-7807325749239029935nl2go-responsive-hide\">\n<td height=\"15\">\u00ad<\/td>\n<\/tr>\n<tr>\n<td class=\"m_-7807325749239029935r21-i m_-7807325749239029935nl2go-default-textstyle\" align=\"left\" valign=\"top\">\n<div>\n<p>C\u2019est donc avec une bonne dose d\u2019\u00e9nergie positive que nous pr\u00e9parons 2022.<\/p>\n<p>Au programme\u00a0:<\/p>\n<p>&nbsp;<\/p>\n<ul>\n<li><strong>En mars<\/strong>,\u00a0<strong>rep\u00e9rage voile &amp; escalade<\/strong>\u00a0dans le Golfe Argolique en\u00a0<strong>Gr\u00e8ce<\/strong>, en partenariat avec\u00a0<a title=\"Vertikal Voyages\" href=\"https:\/\/vertikal-voyages.fr\/\" target=\"_blank\" rel=\"noopener noreferrer\" data-saferedirecturl=\"https:\/\/www.google.com\/url?q=https:\/\/4ts9j.r.bh.d.sendibt3.com\/mk\/cl\/f\/qjDccM9RSBbjiHM4Ml9OGqI9XMMDXQfTIYjvMfRjh2fY3Oy5jqaSyvNX-I865_IFgcz2ZMrPdDTl1ixyugnH9W4Dp3bnaL-HFK1TVsuAZNFDR_FRYyNIPCUvzBI6s6k0Lar-11j5ZONKNmi2cFHT3aof0k6sQkrRD8kJf_JUKE_fn6OcWaVxoau7leRTKPobT1Z6&amp;source=gmail&amp;ust=1636997050123000&amp;usg=AOvVaw1hPbrtJXNo_NtInh_pDBxn\">V<\/a>ertikal Voyages<\/li>\n<\/ul>\n<p>&nbsp;<\/p>\n<ul>\n<li><strong>En avril et octobre<\/strong>, d\u00e9part des s\u00e9jours\u00a0<strong>voile &amp; escalade<\/strong>\u00a0en\u00a0<strong>Sardaigne<\/strong>, en partenariat avec\u00a0<a title=\"Vertikal Voyages\" href=\"https:\/\/4ts9j.r.bh.d.sendibt3.com\/mk\/cl\/f\/NivN8h4W8w91L54BKbEsVfq_eX3ByKEhwOxWc3FF94Ioitd57HjgBMFIM0-NUQxpiC6AvWvhmJfEX1kyVlqzLzaCAS0TNulU-BEw6IyPJy0x5bW5kN-Tmck9u6y-8jK8LUod0QQTCASLndSIiGO4Gal5j0j3a9njKKBydWvxIpb9TErQtDsNczDVdJLioq8OMZqT\" target=\"_blank\" rel=\"noopener noreferrer\" data-saferedirecturl=\"https:\/\/www.google.com\/url?q=https:\/\/4ts9j.r.bh.d.sendibt3.com\/mk\/cl\/f\/NivN8h4W8w91L54BKbEsVfq_eX3ByKEhwOxWc3FF94Ioitd57HjgBMFIM0-NUQxpiC6AvWvhmJfEX1kyVlqzLzaCAS0TNulU-BEw6IyPJy0x5bW5kN-Tmck9u6y-8jK8LUod0QQTCASLndSIiGO4Gal5j0j3a9njKKBydWvxIpb9TErQtDsNczDVdJLioq8OMZqT&amp;source=gmail&amp;ust=1636997050123000&amp;usg=AOvVaw32iaNmHYDRAw26arAaJDNa\">Vertikal Voyages<\/a>\u00a0et\u00a0<a title=\"Roberto Pau\" href=\"https:\/\/www.instagram.com\/pau.roberto\/\" target=\"_blank\" rel=\"noopener noreferrer\" data-saferedirecturl=\"https:\/\/www.google.com\/url?q=https:\/\/4ts9j.r.bh.d.sendibt3.com\/mk\/cl\/f\/evnXnB2zyeRirstvvWwS5RlwvRWFdHkCk4LQSOmXX7cE3LZgZ4f4uDcojHBBnZdtkHcRlnKEy61wjI9tFxRa1e-oF32fV-SZFFdUMoUVvOKux6ODCHwlfrI9tnANis1UUY6GSXPWWxvWjr-RmKxVaQaWGJxk4cIen__fdLze5BkYQzmbgNw42cGJr2Pl2Q64reZRs67Sn2szs0gEBZS3&amp;source=gmail&amp;ust=1636997050123000&amp;usg=AOvVaw1DL4KNG7Alon2E7d77xkap\">Roberto Pau<\/a>. \u00a0S\u00e9jours disponibles en format une ou deux semaines.\u00a0<i>Infos et r\u00e9sa\u00a0<\/i><a title=\"cliquez ici pour r\u00e9server aupr\u00e8s de Vertikal Voyages\" href=\"https:\/\/vertikal-voyages.fr\/expeditions-escalade\/voile-escalade-en-sardaigne\/\" target=\"_blank\" rel=\"noopener noreferrer\" data-saferedirecturl=\"https:\/\/www.google.com\/url?q=https:\/\/4ts9j.r.bh.d.sendibt3.com\/mk\/cl\/f\/_ZeUoeKcYiY24gEipFbVaDGZURfSDNSU0IzALoBJZyJzOceqD8ZKazfaCU6lARyQt-U0FJ__PBBzPYOaRH6j-InPmHfFE9zN2X-BuRuc8xpjMb446d3eAil_fv_h2Z4434XTFQH9w7U-7m6wH7RgyLpo1n_GZhluqn9l6kw8o3RByCRrC9sc3P-AqloQEEvcyooDqR_4XNZcK3UH4YO1oki9lcj_bCF8KMZaL9OfLB34J2CXu5U4DelDfZiHh30vtCGbfivnZVs&amp;source=gmail&amp;ust=1636997050123000&amp;usg=AOvVaw0PJHroYM2jPa1zS78xgeO4\"><i>ici<\/i><\/a><\/li>\n<\/ul>\n<p>&nbsp;<\/p>\n<ul>\n<li><strong>En mai<\/strong>, suite \u00e0 la demande de plusieurs d\u2019entre vous, mise en place d\u2019un\u00a0<strong>stage d\u2019approfondissement technique voile habitable<\/strong>, au d\u00e9part de Marseille ou d\u2019un port alentour sur la\u00a0<strong>c\u00f4te fran\u00e7aise<\/strong>. L\u2019objectif principal de cette semaine : vous transmettre des bases solides sur la gestion d\u2019un voilier habitable (conduite, man\u0153uvres, navigation, gestion de la vie du bord). Les objectifs pr\u00e9cis du stage seront modul\u00e9s en fonction du profil des participants. Infos <a href=\"https:\/\/voile-escalade.com\/vertigoblue\/stages-de-voile-mediterranee\/\">ici<\/a>, pour r\u00e9server votre place, c&rsquo;est par <a title=\"cliquer ici pour nous faire une demande de r\u00e9servation par mail\" href=\"mailto:contact@vertigoblue.fr?subject=r%C3%A9servation%20stage%20de%20voile%20vertigo%20blue\" target=\"_blank\" rel=\"noopener noreferrer\">l\u00e0<\/a><\/li>\n<\/ul>\n<p>&nbsp;<\/p>\n<ul>\n<li><strong>D\u2019avril \u00e0 octobre<\/strong>, organisation de\u00a0<strong>stages\/s\u00e9jours voile, sport et nature sur mesure<\/strong>, selon la demande. Dispos au d\u00e9part de\u00a0<strong>Sardaigne, Corse, Marseille, Ile d\u2019Elbe, Sicile\u2026\u00a0<\/strong><i>Infos\u00a0<\/i><a title=\"s\u00e9jours voile sport et nature\" href=\"https:\/\/voile-escalade.com\/vertigoblue\/voile-sport-et-nature\/\" target=\"_blank\" rel=\"noopener noreferrer\" data-saferedirecturl=\"https:\/\/www.google.com\/url?q=https:\/\/4ts9j.r.bh.d.sendibt3.com\/mk\/cl\/f\/tFkaaPhEqc0xh6rE1qb2FvQjCBrXemXP3pyjjUZiKi1fwi6UUtPC_rM5klBjqydNcHWot7cqikhPoDU1lMVH2fSfElOj9kzabq4D8B2e83N1PMx_xxcBiX5d3FyhynOA80b1PF_N28uGb2-jlaL_ppZApkzoX1B9lgVjL8FPJE8GHS7rFIgjBy0J4tMe3aLEThB3r91ghkZ2BSGp1os-bZhtySunhfVzrOa8CPYogyL9wpppyuWw_ztwLtwV_30&amp;source=gmail&amp;ust=1636997050123000&amp;usg=AOvVaw147ZwsFj6sRjxTJnZMNDdF\"><i>ici<\/i><\/a><i>, nous contacter par\u00a0<\/i><a title=\"cliquer ici pour nous envoyer par mail votre demande personnalis\u00e9e\" href=\"mailto:contact@vertigoblue.fr?subject=r%C3%A9servation%20s%C3%A9jour%20voile%20sport%20nature%20sur%20mesure%20vertigo%20blue&amp;body=Merci%20de%20pr%C3%A9cisez%20au%20moins%20les%20informations%20suivantes%3A%0A%0A-%20Dates%2F%20p%C3%A9riode%3A%20%0A-%20Nombre%20de%20personnes%3A%0A-%20Adultes%2F%20enfants%20%3F%20%3A%20%0A-%20Destination.s%20envisag%C3%A9e.s%20%3A%20%0A-%20Description%20de%20vos%20attentes%3A%20quel%20type%20de%20s%C3%A9jour%20souhaitez%20vous%20organiser%20avec%20nous%3A%0A-%20toute%20autre%20info%20que%20vous%20souhaitez%20nous%20transmettre%3A\" target=\"_blank\" rel=\"noopener noreferrer\"><i>mail<\/i><\/a><i>\u00a0pour r\u00e9server<\/i><\/li>\n<\/ul>\n<p>&nbsp;<\/p>\n<ul>\n<li>En\u00a0<strong>novembre<\/strong>, d\u00e9marrage des s\u00e9jours\u00a0<strong>voile et escalade\u00a0<\/strong>en\u00a0<strong>Gr\u00e8ce.\u00a0<\/strong><i>Plus d\u2019infos prochainement<\/i><\/li>\n<\/ul>\n<\/div>\n<p>N&rsquo;h\u00e9sitez pas \u00e0 partager autour de vous !!!<\/p>\n<div>\u00a0<\/div>\n<\/td>\n<\/tr>\n<\/tbody>\n<\/table>\n<\/td>\n<\/tr>\n<\/tbody>\n<\/table>\n<p>&nbsp;<\/p>\n<p><!-- \/wp:paragraph --><\/p>\n<p>[\/et_pb_text][\/et_pb_column][\/et_pb_row][\/et_pb_section]<\/p>\n","protected":false},"excerpt":{"rendered":"<p>\u00a0 \u00a0 Destinations &amp; s\u00e9jours \u00ad La saison 2021 se termine. Malgr\u00e9 une ann\u00e9e \u00e0 nouveau faite d\u2019incertitudes et de projets report\u00e9s, cela aura \u00e9t\u00e9 pour Vertigo Blue une ann\u00e9e de concr\u00e9tisation\u00a0: beaucoup de rencontres, l\u2019approfondissement de partenariats initi\u00e9s en 2020, et surtout les premiers d\u00e9parts! \u00ad \u00ad C\u2019est donc avec une bonne dose d\u2019\u00e9nergie [&hellip;]<\/p>\n","protected":false},"author":2,"featured_media":1894,"comment_status":"open","ping_status":"open","sticky":false,"template":"","format":"standard","meta":{"_et_pb_use_builder":"on","_et_pb_old_content":"","_et_gb_content_width":""},"categories":[9,15,8],"tags":[],"yoast_head":"<!-- This site is optimized with the Yoast SEO plugin v20.2.1 - https:\/\/yoast.com\/wordpress\/plugins\/seo\/ -->\n<title>Le Programme 2022 - Voile et escalade en M\u00e9diterran\u00e9e<\/title>\n<meta name=\"robots\" content=\"index, follow, max-snippet:-1, max-image-preview:large, max-video-preview:-1\" \/>\n<link rel=\"canonical\" href=\"https:\/\/voile-escalade.com\/vertigoblue\/le-programme-2022\/\" \/>\n<meta property=\"og:locale\" content=\"fr_FR\" \/>\n<meta property=\"og:type\" content=\"article\" \/>\n<meta property=\"og:title\" content=\"Le Programme 2022 - Voile et escalade en M\u00e9diterran\u00e9e\" \/>\n<meta property=\"og:description\" content=\"\u00a0 \u00a0 Destinations &amp; s\u00e9jours \u00ad La saison 2021 se termine. Malgr\u00e9 une ann\u00e9e \u00e0 nouveau faite d\u2019incertitudes et de projets report\u00e9s, cela aura \u00e9t\u00e9 pour Vertigo Blue une ann\u00e9e de concr\u00e9tisation\u00a0: beaucoup de rencontres, l\u2019approfondissement de partenariats initi\u00e9s en 2020, et surtout les premiers d\u00e9parts! \u00ad \u00ad C\u2019est donc avec une bonne dose d\u2019\u00e9nergie [&hellip;]\" \/>\n<meta property=\"og:url\" content=\"https:\/\/voile-escalade.com\/vertigoblue\/le-programme-2022\/\" \/>\n<meta property=\"og:site_name\" content=\"Voile et escalade en M\u00e9diterran\u00e9e\" \/>\n<meta property=\"article:published_time\" content=\"2021-11-14T17:32:56+00:00\" \/>\n<meta property=\"article:modified_time\" content=\"2022-02-21T11:34:07+00:00\" \/>\n<meta property=\"og:image\" content=\"https:\/\/voile-escalade.com\/vertigoblue\/wp-content\/uploads\/2021\/11\/destinations-vertigo-blue-mediterranee-voyage-voile.jpg\" \/>\n\t<meta property=\"og:image:width\" content=\"1920\" \/>\n\t<meta property=\"og:image:height\" content=\"1080\" \/>\n\t<meta property=\"og:image:type\" content=\"image\/jpeg\" \/>\n<meta name=\"author\" content=\"Sarah Marquina\" \/>\n<meta name=\"twitter:card\" content=\"summary_large_image\" \/>\n<meta name=\"twitter:label1\" content=\"\u00c9crit par\" \/>\n\t<meta name=\"twitter:data1\" content=\"Sarah Marquina\" \/>\n\t<meta name=\"twitter:label2\" content=\"Dur\u00e9e de lecture estim\u00e9e\" \/>\n\t<meta name=\"twitter:data2\" content=\"2 minutes\" \/>\n<script type=\"application\/ld+json\" class=\"yoast-schema-graph\">{\"@context\":\"https:\/\/schema.org\",\"@graph\":[{\"@type\":\"WebPage\",\"@id\":\"https:\/\/voile-escalade.com\/vertigoblue\/le-programme-2022\/\",\"url\":\"https:\/\/voile-escalade.com\/vertigoblue\/le-programme-2022\/\",\"name\":\"Le Programme 2022 - Voile et escalade en M\u00e9diterran\u00e9e\",\"isPartOf\":{\"@id\":\"https:\/\/voile-escalade.com\/vertigoblue\/#website\"},\"datePublished\":\"2021-11-14T17:32:56+00:00\",\"dateModified\":\"2022-02-21T11:34:07+00:00\",\"author\":{\"@id\":\"https:\/\/voile-escalade.com\/vertigoblue\/#\/schema\/person\/76b73d0fbc6bdf5c520695dfe018c77f\"},\"breadcrumb\":{\"@id\":\"https:\/\/voile-escalade.com\/vertigoblue\/le-programme-2022\/#breadcrumb\"},\"inLanguage\":\"fr-FR\",\"potentialAction\":[{\"@type\":\"ReadAction\",\"target\":[\"https:\/\/voile-escalade.com\/vertigoblue\/le-programme-2022\/\"]}]},{\"@type\":\"BreadcrumbList\",\"@id\":\"https:\/\/voile-escalade.com\/vertigoblue\/le-programme-2022\/#breadcrumb\",\"itemListElement\":[{\"@type\":\"ListItem\",\"position\":1,\"name\":\"Accueil\",\"item\":\"https:\/\/voile-escalade.com\/vertigoblue\/\"},{\"@type\":\"ListItem\",\"position\":2,\"name\":\"Le Programme 2022\"}]},{\"@type\":\"WebSite\",\"@id\":\"https:\/\/voile-escalade.com\/vertigoblue\/#website\",\"url\":\"https:\/\/voile-escalade.com\/vertigoblue\/\",\"name\":\"Voile et escalade en M\u00e9diterran\u00e9e\",\"description\":\"Voyages sportifs voile et escalade\",\"potentialAction\":[{\"@type\":\"SearchAction\",\"target\":{\"@type\":\"EntryPoint\",\"urlTemplate\":\"https:\/\/voile-escalade.com\/vertigoblue\/?s={search_term_string}\"},\"query-input\":\"required name=search_term_string\"}],\"inLanguage\":\"fr-FR\"},{\"@type\":\"Person\",\"@id\":\"https:\/\/voile-escalade.com\/vertigoblue\/#\/schema\/person\/76b73d0fbc6bdf5c520695dfe018c77f\",\"name\":\"Sarah Marquina\",\"image\":{\"@type\":\"ImageObject\",\"inLanguage\":\"fr-FR\",\"@id\":\"https:\/\/voile-escalade.com\/vertigoblue\/#\/schema\/person\/image\/\",\"url\":\"https:\/\/secure.gravatar.com\/avatar\/b567f434b680b14edfffa0852edb74d7?s=96&d=mm&r=g\",\"contentUrl\":\"https:\/\/secure.gravatar.com\/avatar\/b567f434b680b14edfffa0852edb74d7?s=96&d=mm&r=g\",\"caption\":\"Sarah Marquina\"},\"sameAs\":[\"http:\/\/vertigoblue.fr\"],\"url\":\"https:\/\/voile-escalade.com\/vertigoblue\/author\/ad02_5864-_45vvv-eee12\/\"}]}<\/script>\n<!-- \/ Yoast SEO plugin. -->","yoast_head_json":{"title":"Le Programme 2022 - Voile et escalade en M\u00e9diterran\u00e9e","robots":{"index":"index","follow":"follow","max-snippet":"max-snippet:-1","max-image-preview":"max-image-preview:large","max-video-preview":"max-video-preview:-1"},"canonical":"https:\/\/voile-escalade.com\/vertigoblue\/le-programme-2022\/","og_locale":"fr_FR","og_type":"article","og_title":"Le Programme 2022 - Voile et escalade en M\u00e9diterran\u00e9e","og_description":"\u00a0 \u00a0 Destinations &amp; s\u00e9jours \u00ad La saison 2021 se termine. Malgr\u00e9 une ann\u00e9e \u00e0 nouveau faite d\u2019incertitudes et de projets report\u00e9s, cela aura \u00e9t\u00e9 pour Vertigo Blue une ann\u00e9e de concr\u00e9tisation\u00a0: beaucoup de rencontres, l\u2019approfondissement de partenariats initi\u00e9s en 2020, et surtout les premiers d\u00e9parts! \u00ad \u00ad C\u2019est donc avec une bonne dose d\u2019\u00e9nergie [&hellip;]","og_url":"https:\/\/voile-escalade.com\/vertigoblue\/le-programme-2022\/","og_site_name":"Voile et escalade en M\u00e9diterran\u00e9e","article_published_time":"2021-11-14T17:32:56+00:00","article_modified_time":"2022-02-21T11:34:07+00:00","og_image":[{"width":1920,"height":1080,"url":"https:\/\/voile-escalade.com\/vertigoblue\/wp-content\/uploads\/2021\/11\/destinations-vertigo-blue-mediterranee-voyage-voile.jpg","type":"image\/jpeg"}],"author":"Sarah Marquina","twitter_card":"summary_large_image","twitter_misc":{"\u00c9crit par":"Sarah Marquina","Dur\u00e9e de lecture estim\u00e9e":"2 minutes"},"schema":{"@context":"https:\/\/schema.org","@graph":[{"@type":"WebPage","@id":"https:\/\/voile-escalade.com\/vertigoblue\/le-programme-2022\/","url":"https:\/\/voile-escalade.com\/vertigoblue\/le-programme-2022\/","name":"Le Programme 2022 - Voile et escalade en M\u00e9diterran\u00e9e","isPartOf":{"@id":"https:\/\/voile-escalade.com\/vertigoblue\/#website"},"datePublished":"2021-11-14T17:32:56+00:00","dateModified":"2022-02-21T11:34:07+00:00","author":{"@id":"https:\/\/voile-escalade.com\/vertigoblue\/#\/schema\/person\/76b73d0fbc6bdf5c520695dfe018c77f"},"breadcrumb":{"@id":"https:\/\/voile-escalade.com\/vertigoblue\/le-programme-2022\/#breadcrumb"},"inLanguage":"fr-FR","potentialAction":[{"@type":"ReadAction","target":["https:\/\/voile-escalade.com\/vertigoblue\/le-programme-2022\/"]}]},{"@type":"BreadcrumbList","@id":"https:\/\/voile-escalade.com\/vertigoblue\/le-programme-2022\/#breadcrumb","itemListElement":[{"@type":"ListItem","position":1,"name":"Accueil","item":"https:\/\/voile-escalade.com\/vertigoblue\/"},{"@type":"ListItem","position":2,"name":"Le Programme 2022"}]},{"@type":"WebSite","@id":"https:\/\/voile-escalade.com\/vertigoblue\/#website","url":"https:\/\/voile-escalade.com\/vertigoblue\/","name":"Voile et escalade en M\u00e9diterran\u00e9e","description":"Voyages sportifs voile et escalade","potentialAction":[{"@type":"SearchAction","target":{"@type":"EntryPoint","urlTemplate":"https:\/\/voile-escalade.com\/vertigoblue\/?s={search_term_string}"},"query-input":"required name=search_term_string"}],"inLanguage":"fr-FR"},{"@type":"Person","@id":"https:\/\/voile-escalade.com\/vertigoblue\/#\/schema\/person\/76b73d0fbc6bdf5c520695dfe018c77f","name":"Sarah Marquina","image":{"@type":"ImageObject","inLanguage":"fr-FR","@id":"https:\/\/voile-escalade.com\/vertigoblue\/#\/schema\/person\/image\/","url":"https:\/\/secure.gravatar.com\/avatar\/b567f434b680b14edfffa0852edb74d7?s=96&d=mm&r=g","contentUrl":"https:\/\/secure.gravatar.com\/avatar\/b567f434b680b14edfffa0852edb74d7?s=96&d=mm&r=g","caption":"Sarah Marquina"},"sameAs":["http:\/\/vertigoblue.fr"],"url":"https:\/\/voile-escalade.com\/vertigoblue\/author\/ad02_5864-_45vvv-eee12\/"}]}},"_links":{"self":[{"href":"https:\/\/voile-escalade.com\/vertigoblue\/wp-json\/wp\/v2\/posts\/2153"}],"collection":[{"href":"https:\/\/voile-escalade.com\/vertigoblue\/wp-json\/wp\/v2\/posts"}],"about":[{"href":"https:\/\/voile-escalade.com\/vertigoblue\/wp-json\/wp\/v2\/types\/post"}],"author":[{"embeddable":true,"href":"https:\/\/voile-escalade.com\/vertigoblue\/wp-json\/wp\/v2\/users\/2"}],"replies":[{"embeddable":true,"href":"https:\/\/voile-escalade.com\/vertigoblue\/wp-json\/wp\/v2\/comments?post=2153"}],"version-history":[{"count":6,"href":"https:\/\/voile-escalade.com\/vertigoblue\/wp-json\/wp\/v2\/posts\/2153\/revisions"}],"predecessor-version":[{"id":2162,"href":"https:\/\/voile-escalade.com\/vertigoblue\/wp-json\/wp\/v2\/posts\/2153\/revisions\/2162"}],"wp:featuredmedia":[{"embeddable":true,"href":"https:\/\/voile-escalade.com\/vertigoblue\/wp-json\/wp\/v2\/media\/1894"}],"wp:attachment":[{"href":"https:\/\/voile-escalade.com\/vertigoblue\/wp-json\/wp\/v2\/media?parent=2153"}],"wp:term":[{"taxonomy":"category","embeddable":true,"href":"https:\/\/voile-escalade.com\/vertigoblue\/wp-json\/wp\/v2\/categories?post=2153"},{"taxonomy":"post_tag","embeddable":true,"href":"https:\/\/voile-escalade.com\/vertigoblue\/wp-json\/wp\/v2\/tags?post=2153"}],"curies":[{"name":"wp","href":"https:\/\/api.w.org\/{rel}","templated":true}]}}