{"id":1670,"date":"2021-10-26T15:52:07","date_gmt":"2021-10-26T13:52:07","guid":{"rendered":"https:\/\/voile-escalade.com\/vertigoblue\/?p=1670"},"modified":"2022-02-21T12:30:30","modified_gmt":"2022-02-21T11:30:30","slug":"ile-delbe","status":"publish","type":"post","link":"https:\/\/voile-escalade.com\/vertigoblue\/ile-delbe\/","title":{"rendered":"L&rsquo;\u00eele d&rsquo;Elbe &#8211; une merveille nich\u00e9e dans le bleu"},"content":{"rendered":"<p>[et_pb_section fb_built=\u00a0\u00bb1&Prime; _builder_version=\u00a0\u00bb3.22&Prime; locked=\u00a0\u00bboff\u00a0\u00bb][et_pb_row _builder_version=\u00a0\u00bb4.3.4&Prime; background_size=\u00a0\u00bbinitial\u00a0\u00bb background_position=\u00a0\u00bbtop_left\u00a0\u00bb background_repeat=\u00a0\u00bbrepeat\u00a0\u00bb collapsed=\u00a0\u00bboff\u00a0\u00bb][et_pb_column type=\u00a0\u00bb4_4&Prime; _builder_version=\u00a0\u00bb3.25&Prime; custom_padding=\u00a0\u00bb|||\u00a0\u00bb custom_padding__hover=\u00a0\u00bb|||\u00a0\u00bb][et_pb_text _builder_version=\u00a0\u00bb4.3.4&Prime; background_size=\u00a0\u00bbinitial\u00a0\u00bb background_position=\u00a0\u00bbtop_left\u00a0\u00bb background_repeat=\u00a0\u00bbrepeat\u00a0\u00bb]<\/p>\n<p>En arrivant de Piombino \u00e0 Rio Marina par la mer, on se rend imm\u00e9diatement compte que l&rsquo;\u00eele d&rsquo;Elbe est un joyau de la M\u00e9diterran\u00e9e.<\/p>\n<p>Les petites maisons couleur fer, empil\u00e9es les unes sur les autres au-dessus du port.<\/p>\n<p>Le port, les anciens murs qui l&rsquo;entourent, deux brise-lames et quatre jet\u00e9es.<\/p>\n<p>Un port ancien, comme tous ceux de l&rsquo;\u00eele, spacieux et ouvert, l&rsquo;\u00e2me vivante et vibrante du lieu,<\/p>\n<p>et non pas l&rsquo;amoncellement de pontons de stationnement auquel nous sommes malheureusement, parfois, habitu\u00e9s lorsque nous naviguons en M\u00e9diterran\u00e9e occidentale.<\/p>\n<p>De Rio Marina au sud, en passant par le grand et profond golfe de Porto Azzurro, on comprend l&rsquo;amour des insulaires pour leur mer et pour la voile.<\/p>\n<p>On rejoint ensuite le petit village m\u00e9di\u00e9val de Capoliveri, porte d&rsquo;entr\u00e9e de la pointe sauvage form\u00e9e par les versants du Monte Calamita, o\u00f9 se cachent de nombreux morceaux de paradis.<\/p>\n<p><!-- \/wp:paragraph --><\/p>\n<p>[\/et_pb_text][\/et_pb_column][\/et_pb_row][et_pb_row column_structure=\u00a0\u00bb1_2,1_2&Prime; _builder_version=\u00a0\u00bb4.3.4&Prime; collapsed=\u00a0\u00bboff\u00a0\u00bb][et_pb_column type=\u00a0\u00bb1_2&Prime; _builder_version=\u00a0\u00bb4.3.4&Prime;][et_pb_image src=\u00a0\u00bbhttps:\/\/voile-escalade.com\/vertigoblue\/vela-arrampicata\/wp-content\/uploads\/sites\/3\/2022\/02\/isola-delba-ottobre-2021-crystal-clear-water.jpg\u00a0\u00bb _builder_version=\u00a0\u00bb4.3.4&Prime; locked=\u00a0\u00bboff\u00a0\u00bb][\/et_pb_image][\/et_pb_column][et_pb_column type=\u00a0\u00bb1_2&Prime; _builder_version=\u00a0\u00bb4.3.4&Prime;][et_pb_image src=\u00a0\u00bbhttps:\/\/voile-escalade.com\/vertigoblue\/vela-arrampicata\/wp-content\/uploads\/sites\/3\/2022\/02\/Elba-Island-2021-sailing-boat-by-the-beach.jpg\u00a0\u00bb _builder_version=\u00a0\u00bb4.3.4&Prime; locked=\u00a0\u00bboff\u00a0\u00bb][\/et_pb_image][\/et_pb_column][\/et_pb_row][et_pb_row column_structure=\u00a0\u00bb1_2,1_2&Prime; _builder_version=\u00a0\u00bb4.3.4&Prime; collapsed=\u00a0\u00bboff\u00a0\u00bb][et_pb_column type=\u00a0\u00bb1_2&Prime; _builder_version=\u00a0\u00bb4.3.4&Prime;][et_pb_text _builder_version=\u00a0\u00bb4.3.4&Prime; locked=\u00a0\u00bboff\u00a0\u00bb]<\/p>\n<p>Des plages de galets blancs et gris et des eaux turquoises cach\u00e9es dans le vert des for\u00eats de pins et des garrigues escarp\u00e9es,<br \/>de Remaiolo \u00e0 Punta Bianca via Punta Galera et la c\u00f4te dei Gabbiani.<\/p>\n<p>Pas le temps de grimper ici, la longue plage de sable du golfe de Lacona nous attend,<br \/>avec un peu de chance, la falaise del Ginepro ne bougera pas.<\/p>\n<p>[\/et_pb_text][\/et_pb_column][et_pb_column type=\u00a0\u00bb1_2&Prime; _builder_version=\u00a0\u00bb4.3.4&Prime;][et_pb_image src=\u00a0\u00bbhttps:\/\/voile-escalade.com\/vertigoblue\/vela-arrampicata\/wp-content\/uploads\/sites\/3\/2022\/02\/ile-delbe-2021-cala-di-ginepro-falaise-escalade.jpg\u00a0\u00bb _builder_version=\u00a0\u00bb4.3.4&Prime; locked=\u00a0\u00bboff\u00a0\u00bb][\/et_pb_image][\/et_pb_column][\/et_pb_row][et_pb_row _builder_version=\u00a0\u00bb4.3.4&Prime;][et_pb_column type=\u00a0\u00bb4_4&Prime; _builder_version=\u00a0\u00bb4.3.4&Prime;][et_pb_image src=\u00a0\u00bbhttps:\/\/voile-escalade.com\/vertigoblue\/vela-arrampicata\/wp-content\/uploads\/sites\/3\/2022\/02\/isola-delba-ottobre-2021-spiaggia.jpg\u00a0\u00bb _builder_version=\u00a0\u00bb4.3.4&Prime; locked=\u00a0\u00bboff\u00a0\u00bb][\/et_pb_image][\/et_pb_column][\/et_pb_row][et_pb_row _builder_version=\u00a0\u00bb4.3.4&Prime;][et_pb_column type=\u00a0\u00bb4_4&Prime; _builder_version=\u00a0\u00bb4.3.4&Prime;][et_pb_text _builder_version=\u00a0\u00bb4.3.4&Prime; locked=\u00a0\u00bboff\u00a0\u00bb]<\/p>\n<p>Quelques kilom\u00e8tres plus loin, le granit rose de la mer de Fetovaia nous attire, la chaleur de la falaise ensoleill\u00e9e que l&rsquo;on \u00e9teint avec l&rsquo;eau fra\u00eeche et sal\u00e9e de la M\u00e9diterran\u00e9e d&rsquo;octobre.<\/p>\n<p>[\/et_pb_text][\/et_pb_column][\/et_pb_row][et_pb_row column_structure=\u00a0\u00bb1_2,1_2&Prime; _builder_version=\u00a0\u00bb4.3.4&Prime;][et_pb_column type=\u00a0\u00bb1_2&Prime; _builder_version=\u00a0\u00bb4.3.4&Prime;][et_pb_image src=\u00a0\u00bbhttps:\/\/voile-escalade.com\/vertigoblue\/vela-arrampicata\/wp-content\/uploads\/sites\/3\/2022\/02\/Ile-dElbe-escalade-en-bord-de-mer-Fettovaia.jpg\u00a0\u00bb _builder_version=\u00a0\u00bb4.3.4&Prime; locked=\u00a0\u00bboff\u00a0\u00bb][\/et_pb_image][\/et_pb_column][et_pb_column type=\u00a0\u00bb1_2&Prime; _builder_version=\u00a0\u00bb4.3.4&Prime;][et_pb_image src=\u00a0\u00bbhttps:\/\/voile-escalade.com\/vertigoblue\/vela-arrampicata\/wp-content\/uploads\/sites\/3\/2022\/02\/isola-delba-ottobre-2021-le-falesie-di-Fettovaia.jpg\u00a0\u00bb _builder_version=\u00a0\u00bb4.3.4&Prime;][\/et_pb_image][\/et_pb_column][\/et_pb_row][et_pb_row _builder_version=\u00a0\u00bb4.3.4&Prime;][et_pb_column type=\u00a0\u00bb4_4&Prime; _builder_version=\u00a0\u00bb4.3.4&Prime;][et_pb_text _builder_version=\u00a0\u00bb4.3.4&Prime; locked=\u00a0\u00bboff\u00a0\u00bb]<\/p>\n<p>Le contournement du Monte Capanne par la route c\u00f4ti\u00e8re offre un spectacle \u00e0 couper le souffle \u00e0 chaque tournant.<\/p>\n<p>Pomonte, Chiessi, Punta Nera, Patresi, Sant&rsquo;Andrea jusqu&rsquo;\u00e0 l&rsquo;ancienne ville m\u00e9di\u00e9vale de Marciana.<\/p>\n<p>Un petit bonjour en passant par \u201c<a href=\"https:\/\/elbaartenaturale.com\/\">elba arte naturale<\/a>\u00a0\u00bb o\u00f9 Agnese, que nous avons rencontr\u00e9e sur les falaises de Fetovaia, nous explique comment \u00e9viter de monter sous les pyl\u00f4nes du funiculaire est, en fait, la meilleure fa\u00e7on d&rsquo;arriver au sommet de Capanne.<\/p>\n<p>[\/et_pb_text][et_pb_text _builder_version=\u00a0\u00bb4.3.4&Prime; locked=\u00a0\u00bboff\u00a0\u00bb]<\/p>\n<p>Le brouillard matinal nous d\u00e9courage dans la mont\u00e9e, mais lorsque nous atteignons le sommet, une \u00e9claircie providentielle nous offre une vue splendide sur ce joyau m\u00e9diterran\u00e9en.<\/p>\n<p>[\/et_pb_text][et_pb_image src=\u00a0\u00bbhttps:\/\/voile-escalade.com\/vertigoblue\/vela-arrampicata\/wp-content\/uploads\/sites\/3\/2022\/02\/ile-delbe-Mont-Capanne.jpg\u00a0\u00bb _builder_version=\u00a0\u00bb4.3.4&Prime; locked=\u00a0\u00bboff\u00a0\u00bb][\/et_pb_image][et_pb_text _builder_version=\u00a0\u00bb4.3.4&Prime; locked=\u00a0\u00bboff\u00a0\u00bb]<\/p>\n<p>Le lendemain, apr\u00e8s avoir discut\u00e9 avec Renato des falaises qu&rsquo;il a equip\u00e9 avec passion sur l&rsquo;\u00eele, nous quittons l&rsquo;Elbe depuis Portoferraio avec les yeux pleins et un petit peu morceau de coeur en moins.<\/p>\n<p>[\/et_pb_text][\/et_pb_column][\/et_pb_row][\/et_pb_section]<\/p>\n","protected":false},"excerpt":{"rendered":"<p>En arrivant de Piombino \u00e0 Rio Marina par la mer, on se rend imm\u00e9diatement compte que l&rsquo;\u00eele d&rsquo;Elbe est un joyau de la M\u00e9diterran\u00e9e. Les petites maisons couleur fer, empil\u00e9es les unes sur les autres au-dessus du port. Le port, les anciens murs qui l&rsquo;entourent, deux brise-lames et quatre jet\u00e9es. Un port ancien, comme tous [&hellip;]<\/p>\n","protected":false},"author":2,"featured_media":2179,"comment_status":"open","ping_status":"open","sticky":false,"template":"","format":"standard","meta":{"_et_pb_use_builder":"on","_et_pb_old_content":"","_et_gb_content_width":""},"categories":[14],"tags":[],"yoast_head":"<!-- This site is optimized with the Yoast SEO plugin v20.2.1 - https:\/\/yoast.com\/wordpress\/plugins\/seo\/ -->\n<title>L&#039;\u00eele d&#039;Elbe - une merveille nich\u00e9e dans le bleu - Voile et escalade en M\u00e9diterran\u00e9e<\/title>\n<meta name=\"robots\" content=\"index, follow, max-snippet:-1, max-image-preview:large, max-video-preview:-1\" \/>\n<link rel=\"canonical\" href=\"https:\/\/voile-escalade.com\/vertigoblue\/ile-delbe\/\" \/>\n<meta property=\"og:locale\" content=\"fr_FR\" \/>\n<meta property=\"og:type\" content=\"article\" \/>\n<meta property=\"og:title\" content=\"L&#039;\u00eele d&#039;Elbe - une merveille nich\u00e9e dans le bleu - Voile et escalade en M\u00e9diterran\u00e9e\" \/>\n<meta property=\"og:description\" content=\"En arrivant de Piombino \u00e0 Rio Marina par la mer, on se rend imm\u00e9diatement compte que l&#039;\u00eele d&#039;Elbe est un joyau de la M\u00e9diterran\u00e9e. Les petites maisons couleur fer, empil\u00e9es les unes sur les autres au-dessus du port. Le port, les anciens murs qui l&#039;entourent, deux brise-lames et quatre jet\u00e9es. Un port ancien, comme tous [&hellip;]\" \/>\n<meta property=\"og:url\" content=\"https:\/\/voile-escalade.com\/vertigoblue\/ile-delbe\/\" \/>\n<meta property=\"og:site_name\" content=\"Voile et escalade en M\u00e9diterran\u00e9e\" \/>\n<meta property=\"article:published_time\" content=\"2021-10-26T13:52:07+00:00\" \/>\n<meta property=\"article:modified_time\" content=\"2022-02-21T11:30:30+00:00\" \/>\n<meta property=\"og:image\" content=\"https:\/\/voile-escalade.com\/vertigoblue\/wp-content\/uploads\/2022\/02\/ile-delbe-Mont-Capanne.jpg\" \/>\n\t<meta property=\"og:image:width\" content=\"800\" \/>\n\t<meta property=\"og:image:height\" content=\"451\" \/>\n\t<meta property=\"og:image:type\" content=\"image\/jpeg\" \/>\n<meta name=\"author\" content=\"Sarah Marquina\" \/>\n<meta name=\"twitter:card\" content=\"summary_large_image\" \/>\n<meta name=\"twitter:label1\" content=\"\u00c9crit par\" \/>\n\t<meta name=\"twitter:data1\" content=\"Sarah Marquina\" \/>\n\t<meta name=\"twitter:label2\" content=\"Dur\u00e9e de lecture estim\u00e9e\" \/>\n\t<meta name=\"twitter:data2\" content=\"4 minutes\" \/>\n<script type=\"application\/ld+json\" class=\"yoast-schema-graph\">{\"@context\":\"https:\/\/schema.org\",\"@graph\":[{\"@type\":\"WebPage\",\"@id\":\"https:\/\/voile-escalade.com\/vertigoblue\/ile-delbe\/\",\"url\":\"https:\/\/voile-escalade.com\/vertigoblue\/ile-delbe\/\",\"name\":\"L'\u00eele d'Elbe - une merveille nich\u00e9e dans le bleu - Voile et escalade en M\u00e9diterran\u00e9e\",\"isPartOf\":{\"@id\":\"https:\/\/voile-escalade.com\/vertigoblue\/#website\"},\"datePublished\":\"2021-10-26T13:52:07+00:00\",\"dateModified\":\"2022-02-21T11:30:30+00:00\",\"author\":{\"@id\":\"https:\/\/voile-escalade.com\/vertigoblue\/#\/schema\/person\/76b73d0fbc6bdf5c520695dfe018c77f\"},\"breadcrumb\":{\"@id\":\"https:\/\/voile-escalade.com\/vertigoblue\/ile-delbe\/#breadcrumb\"},\"inLanguage\":\"fr-FR\",\"potentialAction\":[{\"@type\":\"ReadAction\",\"target\":[\"https:\/\/voile-escalade.com\/vertigoblue\/ile-delbe\/\"]}]},{\"@type\":\"BreadcrumbList\",\"@id\":\"https:\/\/voile-escalade.com\/vertigoblue\/ile-delbe\/#breadcrumb\",\"itemListElement\":[{\"@type\":\"ListItem\",\"position\":1,\"name\":\"Accueil\",\"item\":\"https:\/\/voile-escalade.com\/vertigoblue\/\"},{\"@type\":\"ListItem\",\"position\":2,\"name\":\"L&rsquo;\u00eele d&rsquo;Elbe &#8211; une merveille nich\u00e9e dans le bleu\"}]},{\"@type\":\"WebSite\",\"@id\":\"https:\/\/voile-escalade.com\/vertigoblue\/#website\",\"url\":\"https:\/\/voile-escalade.com\/vertigoblue\/\",\"name\":\"Voile et escalade en M\u00e9diterran\u00e9e\",\"description\":\"Voyages sportifs voile et escalade\",\"potentialAction\":[{\"@type\":\"SearchAction\",\"target\":{\"@type\":\"EntryPoint\",\"urlTemplate\":\"https:\/\/voile-escalade.com\/vertigoblue\/?s={search_term_string}\"},\"query-input\":\"required name=search_term_string\"}],\"inLanguage\":\"fr-FR\"},{\"@type\":\"Person\",\"@id\":\"https:\/\/voile-escalade.com\/vertigoblue\/#\/schema\/person\/76b73d0fbc6bdf5c520695dfe018c77f\",\"name\":\"Sarah Marquina\",\"image\":{\"@type\":\"ImageObject\",\"inLanguage\":\"fr-FR\",\"@id\":\"https:\/\/voile-escalade.com\/vertigoblue\/#\/schema\/person\/image\/\",\"url\":\"https:\/\/secure.gravatar.com\/avatar\/b567f434b680b14edfffa0852edb74d7?s=96&d=mm&r=g\",\"contentUrl\":\"https:\/\/secure.gravatar.com\/avatar\/b567f434b680b14edfffa0852edb74d7?s=96&d=mm&r=g\",\"caption\":\"Sarah Marquina\"},\"sameAs\":[\"http:\/\/vertigoblue.fr\"],\"url\":\"https:\/\/voile-escalade.com\/vertigoblue\/author\/ad02_5864-_45vvv-eee12\/\"}]}<\/script>\n<!-- \/ Yoast SEO plugin. -->","yoast_head_json":{"title":"L'\u00eele d'Elbe - une merveille nich\u00e9e dans le bleu - Voile et escalade en M\u00e9diterran\u00e9e","robots":{"index":"index","follow":"follow","max-snippet":"max-snippet:-1","max-image-preview":"max-image-preview:large","max-video-preview":"max-video-preview:-1"},"canonical":"https:\/\/voile-escalade.com\/vertigoblue\/ile-delbe\/","og_locale":"fr_FR","og_type":"article","og_title":"L'\u00eele d'Elbe - une merveille nich\u00e9e dans le bleu - Voile et escalade en M\u00e9diterran\u00e9e","og_description":"En arrivant de Piombino \u00e0 Rio Marina par la mer, on se rend imm\u00e9diatement compte que l'\u00eele d'Elbe est un joyau de la M\u00e9diterran\u00e9e. Les petites maisons couleur fer, empil\u00e9es les unes sur les autres au-dessus du port. Le port, les anciens murs qui l'entourent, deux brise-lames et quatre jet\u00e9es. Un port ancien, comme tous [&hellip;]","og_url":"https:\/\/voile-escalade.com\/vertigoblue\/ile-delbe\/","og_site_name":"Voile et escalade en M\u00e9diterran\u00e9e","article_published_time":"2021-10-26T13:52:07+00:00","article_modified_time":"2022-02-21T11:30:30+00:00","og_image":[{"width":800,"height":451,"url":"https:\/\/voile-escalade.com\/vertigoblue\/wp-content\/uploads\/2022\/02\/ile-delbe-Mont-Capanne.jpg","type":"image\/jpeg"}],"author":"Sarah Marquina","twitter_card":"summary_large_image","twitter_misc":{"\u00c9crit par":"Sarah Marquina","Dur\u00e9e de lecture estim\u00e9e":"4 minutes"},"schema":{"@context":"https:\/\/schema.org","@graph":[{"@type":"WebPage","@id":"https:\/\/voile-escalade.com\/vertigoblue\/ile-delbe\/","url":"https:\/\/voile-escalade.com\/vertigoblue\/ile-delbe\/","name":"L'\u00eele d'Elbe - une merveille nich\u00e9e dans le bleu - Voile et escalade en M\u00e9diterran\u00e9e","isPartOf":{"@id":"https:\/\/voile-escalade.com\/vertigoblue\/#website"},"datePublished":"2021-10-26T13:52:07+00:00","dateModified":"2022-02-21T11:30:30+00:00","author":{"@id":"https:\/\/voile-escalade.com\/vertigoblue\/#\/schema\/person\/76b73d0fbc6bdf5c520695dfe018c77f"},"breadcrumb":{"@id":"https:\/\/voile-escalade.com\/vertigoblue\/ile-delbe\/#breadcrumb"},"inLanguage":"fr-FR","potentialAction":[{"@type":"ReadAction","target":["https:\/\/voile-escalade.com\/vertigoblue\/ile-delbe\/"]}]},{"@type":"BreadcrumbList","@id":"https:\/\/voile-escalade.com\/vertigoblue\/ile-delbe\/#breadcrumb","itemListElement":[{"@type":"ListItem","position":1,"name":"Accueil","item":"https:\/\/voile-escalade.com\/vertigoblue\/"},{"@type":"ListItem","position":2,"name":"L&rsquo;\u00eele d&rsquo;Elbe &#8211; une merveille nich\u00e9e dans le bleu"}]},{"@type":"WebSite","@id":"https:\/\/voile-escalade.com\/vertigoblue\/#website","url":"https:\/\/voile-escalade.com\/vertigoblue\/","name":"Voile et escalade en M\u00e9diterran\u00e9e","description":"Voyages sportifs voile et escalade","potentialAction":[{"@type":"SearchAction","target":{"@type":"EntryPoint","urlTemplate":"https:\/\/voile-escalade.com\/vertigoblue\/?s={search_term_string}"},"query-input":"required name=search_term_string"}],"inLanguage":"fr-FR"},{"@type":"Person","@id":"https:\/\/voile-escalade.com\/vertigoblue\/#\/schema\/person\/76b73d0fbc6bdf5c520695dfe018c77f","name":"Sarah Marquina","image":{"@type":"ImageObject","inLanguage":"fr-FR","@id":"https:\/\/voile-escalade.com\/vertigoblue\/#\/schema\/person\/image\/","url":"https:\/\/secure.gravatar.com\/avatar\/b567f434b680b14edfffa0852edb74d7?s=96&d=mm&r=g","contentUrl":"https:\/\/secure.gravatar.com\/avatar\/b567f434b680b14edfffa0852edb74d7?s=96&d=mm&r=g","caption":"Sarah Marquina"},"sameAs":["http:\/\/vertigoblue.fr"],"url":"https:\/\/voile-escalade.com\/vertigoblue\/author\/ad02_5864-_45vvv-eee12\/"}]}},"_links":{"self":[{"href":"https:\/\/voile-escalade.com\/vertigoblue\/wp-json\/wp\/v2\/posts\/1670"}],"collection":[{"href":"https:\/\/voile-escalade.com\/vertigoblue\/wp-json\/wp\/v2\/posts"}],"about":[{"href":"https:\/\/voile-escalade.com\/vertigoblue\/wp-json\/wp\/v2\/types\/post"}],"author":[{"embeddable":true,"href":"https:\/\/voile-escalade.com\/vertigoblue\/wp-json\/wp\/v2\/users\/2"}],"replies":[{"embeddable":true,"href":"https:\/\/voile-escalade.com\/vertigoblue\/wp-json\/wp\/v2\/comments?post=1670"}],"version-history":[{"count":25,"href":"https:\/\/voile-escalade.com\/vertigoblue\/wp-json\/wp\/v2\/posts\/1670\/revisions"}],"predecessor-version":[{"id":2201,"href":"https:\/\/voile-escalade.com\/vertigoblue\/wp-json\/wp\/v2\/posts\/1670\/revisions\/2201"}],"wp:featuredmedia":[{"embeddable":true,"href":"https:\/\/voile-escalade.com\/vertigoblue\/wp-json\/wp\/v2\/media\/2179"}],"wp:attachment":[{"href":"https:\/\/voile-escalade.com\/vertigoblue\/wp-json\/wp\/v2\/media?parent=1670"}],"wp:term":[{"taxonomy":"category","embeddable":true,"href":"https:\/\/voile-escalade.com\/vertigoblue\/wp-json\/wp\/v2\/categories?post=1670"},{"taxonomy":"post_tag","embeddable":true,"href":"https:\/\/voile-escalade.com\/vertigoblue\/wp-json\/wp\/v2\/tags?post=1670"}],"curies":[{"name":"wp","href":"https:\/\/api.w.org\/{rel}","templated":true}]}}