{"id":1095,"date":"2020-02-05T19:47:38","date_gmt":"2020-02-05T18:47:38","guid":{"rendered":"https:\/\/voile-escalade.com\/vertigoblue\/?p=1095"},"modified":"2022-02-21T12:36:06","modified_gmt":"2022-02-21T11:36:06","slug":"castelsardo-la-caletta","status":"publish","type":"post","link":"https:\/\/voile-escalade.com\/vertigoblue\/castelsardo-la-caletta\/","title":{"rendered":"Castelsardo &#8211; La Caletta"},"content":{"rendered":"<p>[et_pb_section fb_built=\u00a0\u00bb1&Prime; _builder_version=\u00a0\u00bb3.22&Prime;][et_pb_row _builder_version=\u00a0\u00bb3.25&Prime; background_size=\u00a0\u00bbinitial\u00a0\u00bb background_position=\u00a0\u00bbtop_left\u00a0\u00bb background_repeat=\u00a0\u00bbrepeat\u00a0\u00bb][et_pb_column type=\u00a0\u00bb4_4&Prime; _builder_version=\u00a0\u00bb3.25&Prime; custom_padding=\u00a0\u00bb|||\u00a0\u00bb custom_padding__hover=\u00a0\u00bb|||\u00a0\u00bb][et_pb_text _builder_version=\u00a0\u00bb4.3.4&Prime; background_size=\u00a0\u00bbinitial\u00a0\u00bb background_position=\u00a0\u00bbtop_left\u00a0\u00bb background_repeat=\u00a0\u00bbrepeat\u00a0\u00bb]<\/p>\n<div dir=\"auto\">Arriv\u00e9s \u00e0 La Caletta le 2 f\u00e9vrier \u00e0 midi apr\u00e8s quatre jours de navigation depuis Castelsardo, \u00e7a fait maintenant trois jours que le Maestrale nous a mis en arr\u00eat forc\u00e9.<\/div>\n<div dir=\"auto\">\u00a0<\/div>\n<div dir=\"auto\">Le convoyage de Coromandel (surlesmers.fr) depuis la c\u00f4te Ouest est termin\u00e9. Avec lui nous naviguerons le long de la c\u00f4te Est Sarde et explorerons ses falaises jusqu\u2019\u00e0 la fin du mois, mais pour le moment on a un peu de temps.<\/div>\n<div dir=\"auto\">\u00a0<\/div>\n<div dir=\"auto\">Le temps de prendre soin du bateau, de nous aussi, et d\u2019imprimer dans notre m\u00e9moire un bord de spi d\u2019une journ\u00e9e enti\u00e8re pour la travers\u00e9e des Bouches de Bonifacio. Le temps aussi de partir en ballade aux alentours, d\u2019apprendre par hasard l\u2019existence de falaises d\u2019escalade \u00e0 quelques kilom\u00e8tres de l\u00e0 et d\u2019aller les tester!<\/div>\n<div dir=\"auto\">\u00a0<\/div>\n<div dir=\"auto\">Pour ce petit p\u00e9riple d\u2019une centaine de mille, Ivann et Tsilia se sont joint \u00e0 nous et c\u2019est un vrai plaisir. Le vent joue avec nous et nous avec lui pour arriver au bon endroit au bon moment. C\u2019est un peu sportif mais pour le moment que du bon vent !<\/div>\n<p><!-- \/wp:paragraph --><\/p>\n<p>[\/et_pb_text][et_pb_gallery gallery_ids=\u00a0\u00bb1102,1104,1101,1108,1107,1103,1105,1119,1109,1111,1110,1112&Prime; fullwidth=\u00a0\u00bbon\u00a0\u00bb _builder_version=\u00a0\u00bb4.3.4&Prime; animation_style=\u00a0\u00bbslide\u00a0\u00bb][\/et_pb_gallery][\/et_pb_column][\/et_pb_row][\/et_pb_section]<\/p>\n","protected":false},"excerpt":{"rendered":"<p>Arriv\u00e9s \u00e0 La Caletta le 2 f\u00e9vrier \u00e0 midi apr\u00e8s quatre jours de navigation depuis Castelsardo, \u00e7a fait maintenant trois jours que le Maestrale nous a mis en arr\u00eat forc\u00e9. \u00a0 Le convoyage de Coromandel (surlesmers.fr) depuis la c\u00f4te Ouest est termin\u00e9. Avec lui nous naviguerons le long de la c\u00f4te Est Sarde et explorerons [&hellip;]<\/p>\n","protected":false},"author":2,"featured_media":348,"comment_status":"open","ping_status":"open","sticky":false,"template":"","format":"standard","meta":{"_et_pb_use_builder":"on","_et_pb_old_content":"","_et_gb_content_width":""},"categories":[14,8],"tags":[],"yoast_head":"<!-- This site is optimized with the Yoast SEO plugin v20.2.1 - https:\/\/yoast.com\/wordpress\/plugins\/seo\/ -->\n<title>Castelsardo - La Caletta - Voile et escalade en M\u00e9diterran\u00e9e<\/title>\n<meta name=\"robots\" content=\"index, follow, max-snippet:-1, max-image-preview:large, max-video-preview:-1\" \/>\n<link rel=\"canonical\" href=\"https:\/\/voile-escalade.com\/vertigoblue\/castelsardo-la-caletta\/\" \/>\n<meta property=\"og:locale\" content=\"fr_FR\" \/>\n<meta property=\"og:type\" content=\"article\" \/>\n<meta property=\"og:title\" content=\"Castelsardo - La Caletta - Voile et escalade en M\u00e9diterran\u00e9e\" \/>\n<meta property=\"og:description\" content=\"Arriv\u00e9s \u00e0 La Caletta le 2 f\u00e9vrier \u00e0 midi apr\u00e8s quatre jours de navigation depuis Castelsardo, \u00e7a fait maintenant trois jours que le Maestrale nous a mis en arr\u00eat forc\u00e9. \u00a0 Le convoyage de Coromandel (surlesmers.fr) depuis la c\u00f4te Ouest est termin\u00e9. Avec lui nous naviguerons le long de la c\u00f4te Est Sarde et explorerons [&hellip;]\" \/>\n<meta property=\"og:url\" content=\"https:\/\/voile-escalade.com\/vertigoblue\/castelsardo-la-caletta\/\" \/>\n<meta property=\"og:site_name\" content=\"Voile et escalade en M\u00e9diterran\u00e9e\" \/>\n<meta property=\"article:published_time\" content=\"2020-02-05T18:47:38+00:00\" \/>\n<meta property=\"article:modified_time\" content=\"2022-02-21T11:36:06+00:00\" \/>\n<meta property=\"og:image\" content=\"https:\/\/voile-escalade.com\/vertigoblue\/wp-content\/uploads\/2020\/04\/sardegna-barca-a-vela-coromandel.jpg\" \/>\n\t<meta property=\"og:image:width\" content=\"1920\" \/>\n\t<meta property=\"og:image:height\" content=\"1440\" \/>\n\t<meta property=\"og:image:type\" content=\"image\/jpeg\" \/>\n<meta name=\"author\" content=\"Sarah Marquina\" \/>\n<meta name=\"twitter:card\" content=\"summary_large_image\" \/>\n<meta name=\"twitter:label1\" content=\"\u00c9crit par\" \/>\n\t<meta name=\"twitter:data1\" content=\"Sarah Marquina\" \/>\n\t<meta name=\"twitter:label2\" content=\"Dur\u00e9e de lecture estim\u00e9e\" \/>\n\t<meta name=\"twitter:data2\" content=\"1 minute\" \/>\n<script type=\"application\/ld+json\" class=\"yoast-schema-graph\">{\"@context\":\"https:\/\/schema.org\",\"@graph\":[{\"@type\":\"WebPage\",\"@id\":\"https:\/\/voile-escalade.com\/vertigoblue\/castelsardo-la-caletta\/\",\"url\":\"https:\/\/voile-escalade.com\/vertigoblue\/castelsardo-la-caletta\/\",\"name\":\"Castelsardo - La Caletta - Voile et escalade en M\u00e9diterran\u00e9e\",\"isPartOf\":{\"@id\":\"https:\/\/voile-escalade.com\/vertigoblue\/#website\"},\"datePublished\":\"2020-02-05T18:47:38+00:00\",\"dateModified\":\"2022-02-21T11:36:06+00:00\",\"author\":{\"@id\":\"https:\/\/voile-escalade.com\/vertigoblue\/#\/schema\/person\/76b73d0fbc6bdf5c520695dfe018c77f\"},\"breadcrumb\":{\"@id\":\"https:\/\/voile-escalade.com\/vertigoblue\/castelsardo-la-caletta\/#breadcrumb\"},\"inLanguage\":\"fr-FR\",\"potentialAction\":[{\"@type\":\"ReadAction\",\"target\":[\"https:\/\/voile-escalade.com\/vertigoblue\/castelsardo-la-caletta\/\"]}]},{\"@type\":\"BreadcrumbList\",\"@id\":\"https:\/\/voile-escalade.com\/vertigoblue\/castelsardo-la-caletta\/#breadcrumb\",\"itemListElement\":[{\"@type\":\"ListItem\",\"position\":1,\"name\":\"Accueil\",\"item\":\"https:\/\/voile-escalade.com\/vertigoblue\/\"},{\"@type\":\"ListItem\",\"position\":2,\"name\":\"Castelsardo &#8211; La Caletta\"}]},{\"@type\":\"WebSite\",\"@id\":\"https:\/\/voile-escalade.com\/vertigoblue\/#website\",\"url\":\"https:\/\/voile-escalade.com\/vertigoblue\/\",\"name\":\"Voile et escalade en M\u00e9diterran\u00e9e\",\"description\":\"Voyages sportifs voile et escalade\",\"potentialAction\":[{\"@type\":\"SearchAction\",\"target\":{\"@type\":\"EntryPoint\",\"urlTemplate\":\"https:\/\/voile-escalade.com\/vertigoblue\/?s={search_term_string}\"},\"query-input\":\"required name=search_term_string\"}],\"inLanguage\":\"fr-FR\"},{\"@type\":\"Person\",\"@id\":\"https:\/\/voile-escalade.com\/vertigoblue\/#\/schema\/person\/76b73d0fbc6bdf5c520695dfe018c77f\",\"name\":\"Sarah Marquina\",\"image\":{\"@type\":\"ImageObject\",\"inLanguage\":\"fr-FR\",\"@id\":\"https:\/\/voile-escalade.com\/vertigoblue\/#\/schema\/person\/image\/\",\"url\":\"https:\/\/secure.gravatar.com\/avatar\/b567f434b680b14edfffa0852edb74d7?s=96&d=mm&r=g\",\"contentUrl\":\"https:\/\/secure.gravatar.com\/avatar\/b567f434b680b14edfffa0852edb74d7?s=96&d=mm&r=g\",\"caption\":\"Sarah Marquina\"},\"sameAs\":[\"http:\/\/vertigoblue.fr\"],\"url\":\"https:\/\/voile-escalade.com\/vertigoblue\/author\/ad02_5864-_45vvv-eee12\/\"}]}<\/script>\n<!-- \/ Yoast SEO plugin. -->","yoast_head_json":{"title":"Castelsardo - La Caletta - Voile et escalade en M\u00e9diterran\u00e9e","robots":{"index":"index","follow":"follow","max-snippet":"max-snippet:-1","max-image-preview":"max-image-preview:large","max-video-preview":"max-video-preview:-1"},"canonical":"https:\/\/voile-escalade.com\/vertigoblue\/castelsardo-la-caletta\/","og_locale":"fr_FR","og_type":"article","og_title":"Castelsardo - La Caletta - Voile et escalade en M\u00e9diterran\u00e9e","og_description":"Arriv\u00e9s \u00e0 La Caletta le 2 f\u00e9vrier \u00e0 midi apr\u00e8s quatre jours de navigation depuis Castelsardo, \u00e7a fait maintenant trois jours que le Maestrale nous a mis en arr\u00eat forc\u00e9. \u00a0 Le convoyage de Coromandel (surlesmers.fr) depuis la c\u00f4te Ouest est termin\u00e9. Avec lui nous naviguerons le long de la c\u00f4te Est Sarde et explorerons [&hellip;]","og_url":"https:\/\/voile-escalade.com\/vertigoblue\/castelsardo-la-caletta\/","og_site_name":"Voile et escalade en M\u00e9diterran\u00e9e","article_published_time":"2020-02-05T18:47:38+00:00","article_modified_time":"2022-02-21T11:36:06+00:00","og_image":[{"width":1920,"height":1440,"url":"https:\/\/voile-escalade.com\/vertigoblue\/wp-content\/uploads\/2020\/04\/sardegna-barca-a-vela-coromandel.jpg","type":"image\/jpeg"}],"author":"Sarah Marquina","twitter_card":"summary_large_image","twitter_misc":{"\u00c9crit par":"Sarah Marquina","Dur\u00e9e de lecture estim\u00e9e":"1 minute"},"schema":{"@context":"https:\/\/schema.org","@graph":[{"@type":"WebPage","@id":"https:\/\/voile-escalade.com\/vertigoblue\/castelsardo-la-caletta\/","url":"https:\/\/voile-escalade.com\/vertigoblue\/castelsardo-la-caletta\/","name":"Castelsardo - La Caletta - Voile et escalade en M\u00e9diterran\u00e9e","isPartOf":{"@id":"https:\/\/voile-escalade.com\/vertigoblue\/#website"},"datePublished":"2020-02-05T18:47:38+00:00","dateModified":"2022-02-21T11:36:06+00:00","author":{"@id":"https:\/\/voile-escalade.com\/vertigoblue\/#\/schema\/person\/76b73d0fbc6bdf5c520695dfe018c77f"},"breadcrumb":{"@id":"https:\/\/voile-escalade.com\/vertigoblue\/castelsardo-la-caletta\/#breadcrumb"},"inLanguage":"fr-FR","potentialAction":[{"@type":"ReadAction","target":["https:\/\/voile-escalade.com\/vertigoblue\/castelsardo-la-caletta\/"]}]},{"@type":"BreadcrumbList","@id":"https:\/\/voile-escalade.com\/vertigoblue\/castelsardo-la-caletta\/#breadcrumb","itemListElement":[{"@type":"ListItem","position":1,"name":"Accueil","item":"https:\/\/voile-escalade.com\/vertigoblue\/"},{"@type":"ListItem","position":2,"name":"Castelsardo &#8211; La Caletta"}]},{"@type":"WebSite","@id":"https:\/\/voile-escalade.com\/vertigoblue\/#website","url":"https:\/\/voile-escalade.com\/vertigoblue\/","name":"Voile et escalade en M\u00e9diterran\u00e9e","description":"Voyages sportifs voile et escalade","potentialAction":[{"@type":"SearchAction","target":{"@type":"EntryPoint","urlTemplate":"https:\/\/voile-escalade.com\/vertigoblue\/?s={search_term_string}"},"query-input":"required name=search_term_string"}],"inLanguage":"fr-FR"},{"@type":"Person","@id":"https:\/\/voile-escalade.com\/vertigoblue\/#\/schema\/person\/76b73d0fbc6bdf5c520695dfe018c77f","name":"Sarah Marquina","image":{"@type":"ImageObject","inLanguage":"fr-FR","@id":"https:\/\/voile-escalade.com\/vertigoblue\/#\/schema\/person\/image\/","url":"https:\/\/secure.gravatar.com\/avatar\/b567f434b680b14edfffa0852edb74d7?s=96&d=mm&r=g","contentUrl":"https:\/\/secure.gravatar.com\/avatar\/b567f434b680b14edfffa0852edb74d7?s=96&d=mm&r=g","caption":"Sarah Marquina"},"sameAs":["http:\/\/vertigoblue.fr"],"url":"https:\/\/voile-escalade.com\/vertigoblue\/author\/ad02_5864-_45vvv-eee12\/"}]}},"_links":{"self":[{"href":"https:\/\/voile-escalade.com\/vertigoblue\/wp-json\/wp\/v2\/posts\/1095"}],"collection":[{"href":"https:\/\/voile-escalade.com\/vertigoblue\/wp-json\/wp\/v2\/posts"}],"about":[{"href":"https:\/\/voile-escalade.com\/vertigoblue\/wp-json\/wp\/v2\/types\/post"}],"author":[{"embeddable":true,"href":"https:\/\/voile-escalade.com\/vertigoblue\/wp-json\/wp\/v2\/users\/2"}],"replies":[{"embeddable":true,"href":"https:\/\/voile-escalade.com\/vertigoblue\/wp-json\/wp\/v2\/comments?post=1095"}],"version-history":[{"count":8,"href":"https:\/\/voile-escalade.com\/vertigoblue\/wp-json\/wp\/v2\/posts\/1095\/revisions"}],"predecessor-version":[{"id":1121,"href":"https:\/\/voile-escalade.com\/vertigoblue\/wp-json\/wp\/v2\/posts\/1095\/revisions\/1121"}],"wp:featuredmedia":[{"embeddable":true,"href":"https:\/\/voile-escalade.com\/vertigoblue\/wp-json\/wp\/v2\/media\/348"}],"wp:attachment":[{"href":"https:\/\/voile-escalade.com\/vertigoblue\/wp-json\/wp\/v2\/media?parent=1095"}],"wp:term":[{"taxonomy":"category","embeddable":true,"href":"https:\/\/voile-escalade.com\/vertigoblue\/wp-json\/wp\/v2\/categories?post=1095"},{"taxonomy":"post_tag","embeddable":true,"href":"https:\/\/voile-escalade.com\/vertigoblue\/wp-json\/wp\/v2\/tags?post=1095"}],"curies":[{"name":"wp","href":"https:\/\/api.w.org\/{rel}","templated":true}]}}