{"id":1083,"date":"2020-01-14T19:39:10","date_gmt":"2020-01-14T18:39:10","guid":{"rendered":"https:\/\/voile-escalade.com\/vertigoblue\/?p=1083"},"modified":"2022-02-21T12:33:34","modified_gmt":"2022-02-21T11:33:34","slug":"vertigo-blue-le-programme-2020","status":"publish","type":"post","link":"https:\/\/voile-escalade.com\/vertigoblue\/vertigo-blue-le-programme-2020\/","title":{"rendered":"Vertigo Blue: Le programme 2020!"},"content":{"rendered":"<p>[et_pb_section fb_built=\u00a0\u00bb1&Prime; _builder_version=\u00a0\u00bb3.22&Prime;][et_pb_row _builder_version=\u00a0\u00bb3.25&Prime; background_size=\u00a0\u00bbinitial\u00a0\u00bb background_position=\u00a0\u00bbtop_left\u00a0\u00bb background_repeat=\u00a0\u00bbrepeat\u00a0\u00bb][et_pb_column type=\u00a0\u00bb4_4&Prime; _builder_version=\u00a0\u00bb3.25&Prime; custom_padding=\u00a0\u00bb|||\u00a0\u00bb custom_padding__hover=\u00a0\u00bb|||\u00a0\u00bb][et_pb_text _builder_version=\u00a0\u00bb4.3.4&Prime; background_size=\u00a0\u00bbinitial\u00a0\u00bb background_position=\u00a0\u00bbtop_left\u00a0\u00bb background_repeat=\u00a0\u00bbrepeat\u00a0\u00bb]<\/p>\n<div class=\"kvgmc6g5 cxmmr5t8 oygrvhab hcukyx3x c1et5uql ii04i59q\">\n<div dir=\"auto\">\n<div class=\"kvgmc6g5 cxmmr5t8 oygrvhab hcukyx3x c1et5uql ii04i59q\">\n<div dir=\"auto\">\u00a0<\/div>\n<div dir=\"auto\">\u00a0<\/div>\n<\/div>\n<\/div>\n<\/div>\n<div class=\"o9v6fnle cxmmr5t8 oygrvhab hcukyx3x c1et5uql ii04i59q\">\n<div dir=\"auto\">Apr\u00e8s quelques ann\u00e9es de r\u00eaves et de longs mois de travail, Vertigo Blue prend tout doucement son envol : en 2020, nous partons \u00e0 la d\u00e9couverte de la M\u00e9diterran\u00e9e, pour y rep\u00e9rer les plus beaux mouillages et les meilleures falaises.<\/div>\n<div dir=\"auto\">\u00a0<\/div>\n<\/div>\n<div class=\"o9v6fnle cxmmr5t8 oygrvhab hcukyx3x c1et5uql ii04i59q\">\n<div dir=\"auto\">Au programme : un voyage en van am\u00e9nag\u00e9 pour quelques mois le long des c\u00f4tes. Chaque fois que possible, nous laisserons notre camion \u00e0 terre pour le troquer, le temps d\u2019une ou plusieurs semaines, contre un voilier, pour tester notre formule voile-escalade en compagnie d\u2019amis ou de curieux, mordus comme nous et pr\u00eats \u00e0 embarquer !<\/div>\n<div dir=\"auto\">\u00a0<\/div>\n<\/div>\n<div class=\"o9v6fnle cxmmr5t8 oygrvhab hcukyx3x c1et5uql ii04i59q\">\n<div dir=\"auto\">Notre p\u00e9riple d\u00e9butera tout d\u00e9but f\u00e9vrier en Sardaigne, par un mois entier de navigation et d\u2019escalade. Nous naviguerons \u00e0 bord de Coromandel, un voilier de 37 pieds. Pour l\u2019occasion, nous affichons complet : plusieurs amis se joignent \u00e0 nous par petits groupes de 4, une semaine chacun. Ils seront nos premiers cobayes.<\/div>\n<\/div>\n<div class=\"o9v6fnle cxmmr5t8 oygrvhab hcukyx3x c1et5uql ii04i59q\">\n<div dir=\"auto\">En mars, c\u2019est la Sicile que nous partons d\u00e9couvrir. Des places sont encore disponibles pour partir avec nous, sur la semaine du 14 au 21 mars au d\u00e9part de Palerme.<\/div>\n<div dir=\"auto\">\u00a0<\/div>\n<\/div>\n<div class=\"o9v6fnle cxmmr5t8 oygrvhab hcukyx3x c1et5uql ii04i59q\">\n<div dir=\"auto\">Nous remonterons ensuite doucement la c\u00f4te Est italienne au d\u00e9but d\u2019avril pour traverser l\u2019Adriatique depuis Ancona, direction la Croatie. Une ou deux semaines de voile-escalade attendent de se remplir au d\u00e9part de Split sur la deuxi\u00e8me quinzaine d\u2019avril.<\/div>\n<div dir=\"auto\">\u00a0<\/div>\n<\/div>\n<div class=\"o9v6fnle cxmmr5t8 oygrvhab hcukyx3x c1et5uql ii04i59q\">\n<div dir=\"auto\">Le mois de mai est encore ouvert au r\u00eave et aux opportunit\u00e9s qui se construiront au fil du chemin. Notre p\u00e9riple se terminera en tous les cas d\u00e9but juin, o\u00f9 nous rentrerons vers la Corse pour la saison\u2026 et pour \u00e9crire la suite de Vertigo Blue.<\/div>\n<div dir=\"auto\">\u00a0<\/div>\n<\/div>\n<div class=\"o9v6fnle cxmmr5t8 oygrvhab hcukyx3x c1et5uql ii04i59q\">\n<div dir=\"auto\"><em>cr\u00e9dit photo: Nicolas Faivre &#8211; Coromandel &#8211; surlesmers.fr<\/em><\/div>\n<\/div>\n<p>&nbsp;<\/p>\n<p><!-- \/wp:paragraph --><\/p>\n<p>[\/et_pb_text][\/et_pb_column][\/et_pb_row][\/et_pb_section]<\/p>\n","protected":false},"excerpt":{"rendered":"<p>\u00a0 \u00a0 Apr\u00e8s quelques ann\u00e9es de r\u00eaves et de longs mois de travail, Vertigo Blue prend tout doucement son envol : en 2020, nous partons \u00e0 la d\u00e9couverte de la M\u00e9diterran\u00e9e, pour y rep\u00e9rer les plus beaux mouillages et les meilleures falaises. \u00a0 Au programme : un voyage en van am\u00e9nag\u00e9 pour quelques mois le [&hellip;]<\/p>\n","protected":false},"author":2,"featured_media":1086,"comment_status":"open","ping_status":"open","sticky":false,"template":"","format":"standard","meta":{"_et_pb_use_builder":"on","_et_pb_old_content":"","_et_gb_content_width":""},"categories":[9,15,8],"tags":[],"yoast_head":"<!-- This site is optimized with the Yoast SEO plugin v20.2.1 - https:\/\/yoast.com\/wordpress\/plugins\/seo\/ -->\n<title>Vertigo Blue: Le programme 2020! - Voile et escalade en M\u00e9diterran\u00e9e<\/title>\n<meta name=\"robots\" content=\"index, follow, max-snippet:-1, max-image-preview:large, max-video-preview:-1\" \/>\n<link rel=\"canonical\" href=\"https:\/\/voile-escalade.com\/vertigoblue\/vertigo-blue-le-programme-2020\/\" \/>\n<meta property=\"og:locale\" content=\"fr_FR\" \/>\n<meta property=\"og:type\" content=\"article\" \/>\n<meta property=\"og:title\" content=\"Vertigo Blue: Le programme 2020! - Voile et escalade en M\u00e9diterran\u00e9e\" \/>\n<meta property=\"og:description\" content=\"\u00a0 \u00a0 Apr\u00e8s quelques ann\u00e9es de r\u00eaves et de longs mois de travail, Vertigo Blue prend tout doucement son envol : en 2020, nous partons \u00e0 la d\u00e9couverte de la M\u00e9diterran\u00e9e, pour y rep\u00e9rer les plus beaux mouillages et les meilleures falaises. \u00a0 Au programme : un voyage en van am\u00e9nag\u00e9 pour quelques mois le [&hellip;]\" \/>\n<meta property=\"og:url\" content=\"https:\/\/voile-escalade.com\/vertigoblue\/vertigo-blue-le-programme-2020\/\" \/>\n<meta property=\"og:site_name\" content=\"Voile et escalade en M\u00e9diterran\u00e9e\" \/>\n<meta property=\"article:published_time\" content=\"2020-01-14T18:39:10+00:00\" \/>\n<meta property=\"article:modified_time\" content=\"2022-02-21T11:33:34+00:00\" \/>\n<meta property=\"og:image\" content=\"https:\/\/voile-escalade.com\/vertigoblue\/wp-content\/uploads\/2020\/11\/corromandel-1.jpg\" \/>\n\t<meta property=\"og:image:width\" content=\"1764\" \/>\n\t<meta property=\"og:image:height\" content=\"699\" \/>\n\t<meta property=\"og:image:type\" content=\"image\/jpeg\" \/>\n<meta name=\"author\" content=\"Sarah Marquina\" \/>\n<meta name=\"twitter:card\" content=\"summary_large_image\" \/>\n<meta name=\"twitter:label1\" content=\"\u00c9crit par\" \/>\n\t<meta name=\"twitter:data1\" content=\"Sarah Marquina\" \/>\n\t<meta name=\"twitter:label2\" content=\"Dur\u00e9e de lecture estim\u00e9e\" \/>\n\t<meta name=\"twitter:data2\" content=\"2 minutes\" \/>\n<script type=\"application\/ld+json\" class=\"yoast-schema-graph\">{\"@context\":\"https:\/\/schema.org\",\"@graph\":[{\"@type\":\"WebPage\",\"@id\":\"https:\/\/voile-escalade.com\/vertigoblue\/vertigo-blue-le-programme-2020\/\",\"url\":\"https:\/\/voile-escalade.com\/vertigoblue\/vertigo-blue-le-programme-2020\/\",\"name\":\"Vertigo Blue: Le programme 2020! - Voile et escalade en M\u00e9diterran\u00e9e\",\"isPartOf\":{\"@id\":\"https:\/\/voile-escalade.com\/vertigoblue\/#website\"},\"datePublished\":\"2020-01-14T18:39:10+00:00\",\"dateModified\":\"2022-02-21T11:33:34+00:00\",\"author\":{\"@id\":\"https:\/\/voile-escalade.com\/vertigoblue\/#\/schema\/person\/76b73d0fbc6bdf5c520695dfe018c77f\"},\"breadcrumb\":{\"@id\":\"https:\/\/voile-escalade.com\/vertigoblue\/vertigo-blue-le-programme-2020\/#breadcrumb\"},\"inLanguage\":\"fr-FR\",\"potentialAction\":[{\"@type\":\"ReadAction\",\"target\":[\"https:\/\/voile-escalade.com\/vertigoblue\/vertigo-blue-le-programme-2020\/\"]}]},{\"@type\":\"BreadcrumbList\",\"@id\":\"https:\/\/voile-escalade.com\/vertigoblue\/vertigo-blue-le-programme-2020\/#breadcrumb\",\"itemListElement\":[{\"@type\":\"ListItem\",\"position\":1,\"name\":\"Accueil\",\"item\":\"https:\/\/voile-escalade.com\/vertigoblue\/\"},{\"@type\":\"ListItem\",\"position\":2,\"name\":\"Vertigo Blue: Le programme 2020!\"}]},{\"@type\":\"WebSite\",\"@id\":\"https:\/\/voile-escalade.com\/vertigoblue\/#website\",\"url\":\"https:\/\/voile-escalade.com\/vertigoblue\/\",\"name\":\"Voile et escalade en M\u00e9diterran\u00e9e\",\"description\":\"Voyages sportifs voile et escalade\",\"potentialAction\":[{\"@type\":\"SearchAction\",\"target\":{\"@type\":\"EntryPoint\",\"urlTemplate\":\"https:\/\/voile-escalade.com\/vertigoblue\/?s={search_term_string}\"},\"query-input\":\"required name=search_term_string\"}],\"inLanguage\":\"fr-FR\"},{\"@type\":\"Person\",\"@id\":\"https:\/\/voile-escalade.com\/vertigoblue\/#\/schema\/person\/76b73d0fbc6bdf5c520695dfe018c77f\",\"name\":\"Sarah Marquina\",\"image\":{\"@type\":\"ImageObject\",\"inLanguage\":\"fr-FR\",\"@id\":\"https:\/\/voile-escalade.com\/vertigoblue\/#\/schema\/person\/image\/\",\"url\":\"https:\/\/secure.gravatar.com\/avatar\/b567f434b680b14edfffa0852edb74d7?s=96&d=mm&r=g\",\"contentUrl\":\"https:\/\/secure.gravatar.com\/avatar\/b567f434b680b14edfffa0852edb74d7?s=96&d=mm&r=g\",\"caption\":\"Sarah Marquina\"},\"sameAs\":[\"http:\/\/vertigoblue.fr\"],\"url\":\"https:\/\/voile-escalade.com\/vertigoblue\/author\/ad02_5864-_45vvv-eee12\/\"}]}<\/script>\n<!-- \/ Yoast SEO plugin. -->","yoast_head_json":{"title":"Vertigo Blue: Le programme 2020! - Voile et escalade en M\u00e9diterran\u00e9e","robots":{"index":"index","follow":"follow","max-snippet":"max-snippet:-1","max-image-preview":"max-image-preview:large","max-video-preview":"max-video-preview:-1"},"canonical":"https:\/\/voile-escalade.com\/vertigoblue\/vertigo-blue-le-programme-2020\/","og_locale":"fr_FR","og_type":"article","og_title":"Vertigo Blue: Le programme 2020! - Voile et escalade en M\u00e9diterran\u00e9e","og_description":"\u00a0 \u00a0 Apr\u00e8s quelques ann\u00e9es de r\u00eaves et de longs mois de travail, Vertigo Blue prend tout doucement son envol : en 2020, nous partons \u00e0 la d\u00e9couverte de la M\u00e9diterran\u00e9e, pour y rep\u00e9rer les plus beaux mouillages et les meilleures falaises. \u00a0 Au programme : un voyage en van am\u00e9nag\u00e9 pour quelques mois le [&hellip;]","og_url":"https:\/\/voile-escalade.com\/vertigoblue\/vertigo-blue-le-programme-2020\/","og_site_name":"Voile et escalade en M\u00e9diterran\u00e9e","article_published_time":"2020-01-14T18:39:10+00:00","article_modified_time":"2022-02-21T11:33:34+00:00","og_image":[{"width":1764,"height":699,"url":"https:\/\/voile-escalade.com\/vertigoblue\/wp-content\/uploads\/2020\/11\/corromandel-1.jpg","type":"image\/jpeg"}],"author":"Sarah Marquina","twitter_card":"summary_large_image","twitter_misc":{"\u00c9crit par":"Sarah Marquina","Dur\u00e9e de lecture estim\u00e9e":"2 minutes"},"schema":{"@context":"https:\/\/schema.org","@graph":[{"@type":"WebPage","@id":"https:\/\/voile-escalade.com\/vertigoblue\/vertigo-blue-le-programme-2020\/","url":"https:\/\/voile-escalade.com\/vertigoblue\/vertigo-blue-le-programme-2020\/","name":"Vertigo Blue: Le programme 2020! - Voile et escalade en M\u00e9diterran\u00e9e","isPartOf":{"@id":"https:\/\/voile-escalade.com\/vertigoblue\/#website"},"datePublished":"2020-01-14T18:39:10+00:00","dateModified":"2022-02-21T11:33:34+00:00","author":{"@id":"https:\/\/voile-escalade.com\/vertigoblue\/#\/schema\/person\/76b73d0fbc6bdf5c520695dfe018c77f"},"breadcrumb":{"@id":"https:\/\/voile-escalade.com\/vertigoblue\/vertigo-blue-le-programme-2020\/#breadcrumb"},"inLanguage":"fr-FR","potentialAction":[{"@type":"ReadAction","target":["https:\/\/voile-escalade.com\/vertigoblue\/vertigo-blue-le-programme-2020\/"]}]},{"@type":"BreadcrumbList","@id":"https:\/\/voile-escalade.com\/vertigoblue\/vertigo-blue-le-programme-2020\/#breadcrumb","itemListElement":[{"@type":"ListItem","position":1,"name":"Accueil","item":"https:\/\/voile-escalade.com\/vertigoblue\/"},{"@type":"ListItem","position":2,"name":"Vertigo Blue: Le programme 2020!"}]},{"@type":"WebSite","@id":"https:\/\/voile-escalade.com\/vertigoblue\/#website","url":"https:\/\/voile-escalade.com\/vertigoblue\/","name":"Voile et escalade en M\u00e9diterran\u00e9e","description":"Voyages sportifs voile et escalade","potentialAction":[{"@type":"SearchAction","target":{"@type":"EntryPoint","urlTemplate":"https:\/\/voile-escalade.com\/vertigoblue\/?s={search_term_string}"},"query-input":"required name=search_term_string"}],"inLanguage":"fr-FR"},{"@type":"Person","@id":"https:\/\/voile-escalade.com\/vertigoblue\/#\/schema\/person\/76b73d0fbc6bdf5c520695dfe018c77f","name":"Sarah Marquina","image":{"@type":"ImageObject","inLanguage":"fr-FR","@id":"https:\/\/voile-escalade.com\/vertigoblue\/#\/schema\/person\/image\/","url":"https:\/\/secure.gravatar.com\/avatar\/b567f434b680b14edfffa0852edb74d7?s=96&d=mm&r=g","contentUrl":"https:\/\/secure.gravatar.com\/avatar\/b567f434b680b14edfffa0852edb74d7?s=96&d=mm&r=g","caption":"Sarah Marquina"},"sameAs":["http:\/\/vertigoblue.fr"],"url":"https:\/\/voile-escalade.com\/vertigoblue\/author\/ad02_5864-_45vvv-eee12\/"}]}},"_links":{"self":[{"href":"https:\/\/voile-escalade.com\/vertigoblue\/wp-json\/wp\/v2\/posts\/1083"}],"collection":[{"href":"https:\/\/voile-escalade.com\/vertigoblue\/wp-json\/wp\/v2\/posts"}],"about":[{"href":"https:\/\/voile-escalade.com\/vertigoblue\/wp-json\/wp\/v2\/types\/post"}],"author":[{"embeddable":true,"href":"https:\/\/voile-escalade.com\/vertigoblue\/wp-json\/wp\/v2\/users\/2"}],"replies":[{"embeddable":true,"href":"https:\/\/voile-escalade.com\/vertigoblue\/wp-json\/wp\/v2\/comments?post=1083"}],"version-history":[{"count":6,"href":"https:\/\/voile-escalade.com\/vertigoblue\/wp-json\/wp\/v2\/posts\/1083\/revisions"}],"predecessor-version":[{"id":2202,"href":"https:\/\/voile-escalade.com\/vertigoblue\/wp-json\/wp\/v2\/posts\/1083\/revisions\/2202"}],"wp:featuredmedia":[{"embeddable":true,"href":"https:\/\/voile-escalade.com\/vertigoblue\/wp-json\/wp\/v2\/media\/1086"}],"wp:attachment":[{"href":"https:\/\/voile-escalade.com\/vertigoblue\/wp-json\/wp\/v2\/media?parent=1083"}],"wp:term":[{"taxonomy":"category","embeddable":true,"href":"https:\/\/voile-escalade.com\/vertigoblue\/wp-json\/wp\/v2\/categories?post=1083"},{"taxonomy":"post_tag","embeddable":true,"href":"https:\/\/voile-escalade.com\/vertigoblue\/wp-json\/wp\/v2\/tags?post=1083"}],"curies":[{"name":"wp","href":"https:\/\/api.w.org\/{rel}","templated":true}]}}