{"id":1020,"date":"2020-01-11T19:53:13","date_gmt":"2020-01-11T18:53:13","guid":{"rendered":"https:\/\/voile-escalade.com\/vertigoblue\/?p=1020"},"modified":"2020-11-12T19:46:34","modified_gmt":"2020-11-12T18:46:34","slug":"histoire-de-vertigo-blue","status":"publish","type":"post","link":"https:\/\/voile-escalade.com\/vertigoblue\/histoire-de-vertigo-blue\/","title":{"rendered":"L&rsquo;Histoire de Vertigo Blue"},"content":{"rendered":"<p>[et_pb_section fb_built=\u00a0\u00bb1&Prime; _builder_version=\u00a0\u00bb3.22&Prime;][et_pb_row _builder_version=\u00a0\u00bb3.25&Prime; background_size=\u00a0\u00bbinitial\u00a0\u00bb background_position=\u00a0\u00bbtop_left\u00a0\u00bb background_repeat=\u00a0\u00bbrepeat\u00a0\u00bb][et_pb_column type=\u00a0\u00bb4_4&Prime; _builder_version=\u00a0\u00bb3.25&Prime; custom_padding=\u00a0\u00bb|||\u00a0\u00bb custom_padding__hover=\u00a0\u00bb|||\u00a0\u00bb][et_pb_text _builder_version=\u00a0\u00bb4.3.4&Prime; background_size=\u00a0\u00bbinitial\u00a0\u00bb background_position=\u00a0\u00bbtop_left\u00a0\u00bb background_repeat=\u00a0\u00bbrepeat\u00a0\u00bb hover_enabled=\u00a0\u00bb0&Prime;]<\/p>\n<div class=\"kvgmc6g5 cxmmr5t8 oygrvhab hcukyx3x c1et5uql ii04i59q\">\n<div dir=\"auto\">\n<div class=\"kvgmc6g5 cxmmr5t8 oygrvhab hcukyx3x c1et5uql ii04i59q\">\n<div dir=\"auto\">\u00a0<\/div>\n<div dir=\"auto\">\u00a0<\/div>\n<\/div>\n<\/div>\n<\/div>\n<div class=\"o9v6fnle cxmmr5t8 oygrvhab hcukyx3x c1et5uql ii04i59q\">\u201cL&rsquo;id\u00e9e du projet Vertigo Blue a commenc\u00e9 \u00e0 prendre forme il y a d\u00e9sormais plusieurs ann\u00e9es, lors de ma toute premi\u00e8re exp\u00e9rience de voile.<\/div>\n<div class=\"o9v6fnle cxmmr5t8 oygrvhab hcukyx3x c1et5uql ii04i59q\">\n<div dir=\"auto\">Je naviguais avec un bon ami sur son Arpege depuis deux semaines, au d\u00e9part de la Sicile et faisant cap sur Barcelone, nous arr\u00eatant en Sardaigne et aux Bal\u00e9ares.<\/div>\n<div dir=\"auto\">\u00a0<\/div>\n<\/div>\n<div class=\"o9v6fnle cxmmr5t8 oygrvhab hcukyx3x c1et5uql ii04i59q\">\n<div dir=\"auto\">A notre arriv\u00e9e dans l&rsquo;\u00eele de Minorque, dans une petite crique, nous trouvions une source et des voies d&rsquo;escalade \u00e9quip\u00e9es. Tous deux grimpeurs d\u00e9butants affam\u00e9s, et moi marin d&rsquo;eau douce&#8230; Nous croyions r\u00eaver. Le soir m\u00eame, nous grimpions sous la douce lumi\u00e8re d&rsquo;une lune bien pleine.<\/div>\n<div dir=\"auto\">\u00a0<\/div>\n<\/div>\n<div class=\"o9v6fnle cxmmr5t8 oygrvhab hcukyx3x c1et5uql ii04i59q\">\n<div dir=\"auto\">Nous y rest\u00e2mes 3 jours sans bouger, sauf pour aller p\u00eacher et m&rsquo;amener en bateau \u00e0 l\u2019h\u00f4pital le plus proche avec un pied cass\u00e9, non pas \u00e0 cause d&rsquo;une chute de grimpe mais suite \u00e0 une ballade apr\u00e8s un ap\u00e9ro sur les falaises&#8230;<\/div>\n<div dir=\"auto\">\u00a0<\/div>\n<\/div>\n<div class=\"o9v6fnle cxmmr5t8 oygrvhab hcukyx3x c1et5uql ii04i59q\">\n<div dir=\"auto\">Au cours de ce voyage et d&rsquo;autres par la suite, je me rendis compte qu&rsquo;il y avait \u00e9norm\u00e9ment de possibilit\u00e9s de revivre la m\u00eame aventure dans plusieurs endroits de la M\u00e9diterran\u00e9e.<\/div>\n<div dir=\"auto\">\u00a0<\/div>\n<\/div>\n<div class=\"o9v6fnle cxmmr5t8 oygrvhab hcukyx3x c1et5uql ii04i59q\">\n<div dir=\"auto\">Depuis ce moment, il \u00e9tait clair \u00e0 mes yeux et au fond de mon estomac que je devrais ne faire que \u00e7a: naviguer, grimper sur les plus belles falaises en bord de mer et amener les gens avec moi pour leur faire vivre une exp\u00e9rience qui peut changer la vie.\u201d<\/div>\n<div dir=\"auto\">Andrea<\/div>\n<\/div>\n<p><!-- \/wp:paragraph --><\/p>\n<p>[\/et_pb_text][\/et_pb_column][\/et_pb_row][\/et_pb_section]<\/p>\n","protected":false},"excerpt":{"rendered":"<p>\u00a0 \u00a0 \u201cL&rsquo;id\u00e9e du projet Vertigo Blue a commenc\u00e9 \u00e0 prendre forme il y a d\u00e9sormais plusieurs ann\u00e9es, lors de ma toute premi\u00e8re exp\u00e9rience de voile. Je naviguais avec un bon ami sur son Arpege depuis deux semaines, au d\u00e9part de la Sicile et faisant cap sur Barcelone, nous arr\u00eatant en Sardaigne et aux Bal\u00e9ares. [&hellip;]<\/p>\n","protected":false},"author":2,"featured_media":190,"comment_status":"open","ping_status":"open","sticky":false,"template":"","format":"standard","meta":{"_et_pb_use_builder":"on","_et_pb_old_content":"","_et_gb_content_width":""},"categories":[9,8],"tags":[],"yoast_head":"<!-- This site is optimized with the Yoast SEO plugin v20.2.1 - https:\/\/yoast.com\/wordpress\/plugins\/seo\/ -->\n<title>L&#039;Histoire de Vertigo Blue - Voile et escalade en M\u00e9diterran\u00e9e<\/title>\n<meta name=\"robots\" content=\"index, follow, max-snippet:-1, max-image-preview:large, max-video-preview:-1\" \/>\n<link rel=\"canonical\" href=\"https:\/\/voile-escalade.com\/vertigoblue\/histoire-de-vertigo-blue\/\" \/>\n<meta property=\"og:locale\" content=\"fr_FR\" \/>\n<meta property=\"og:type\" content=\"article\" \/>\n<meta property=\"og:title\" content=\"L&#039;Histoire de Vertigo Blue - Voile et escalade en M\u00e9diterran\u00e9e\" \/>\n<meta property=\"og:description\" content=\"\u00a0 \u00a0 \u201cL&#039;id\u00e9e du projet Vertigo Blue a commenc\u00e9 \u00e0 prendre forme il y a d\u00e9sormais plusieurs ann\u00e9es, lors de ma toute premi\u00e8re exp\u00e9rience de voile. Je naviguais avec un bon ami sur son Arpege depuis deux semaines, au d\u00e9part de la Sicile et faisant cap sur Barcelone, nous arr\u00eatant en Sardaigne et aux Bal\u00e9ares. [&hellip;]\" \/>\n<meta property=\"og:url\" content=\"https:\/\/voile-escalade.com\/vertigoblue\/histoire-de-vertigo-blue\/\" \/>\n<meta property=\"og:site_name\" content=\"Voile et escalade en M\u00e9diterran\u00e9e\" \/>\n<meta property=\"article:published_time\" content=\"2020-01-11T18:53:13+00:00\" \/>\n<meta property=\"article:modified_time\" content=\"2020-11-12T18:46:34+00:00\" \/>\n<meta property=\"og:image\" content=\"https:\/\/voile-escalade.com\/vertigoblue\/wp-content\/uploads\/2019\/12\/vertigo-blue-sardaigne-voilier-mouillage-mer-montagne.jpg\" \/>\n\t<meta property=\"og:image:width\" content=\"1920\" \/>\n\t<meta property=\"og:image:height\" content=\"1280\" \/>\n\t<meta property=\"og:image:type\" content=\"image\/jpeg\" \/>\n<meta name=\"author\" content=\"Sarah Marquina\" \/>\n<meta name=\"twitter:card\" content=\"summary_large_image\" \/>\n<meta name=\"twitter:label1\" content=\"\u00c9crit par\" \/>\n\t<meta name=\"twitter:data1\" content=\"Sarah Marquina\" \/>\n\t<meta name=\"twitter:label2\" content=\"Dur\u00e9e de lecture estim\u00e9e\" \/>\n\t<meta name=\"twitter:data2\" content=\"2 minutes\" \/>\n<script type=\"application\/ld+json\" class=\"yoast-schema-graph\">{\"@context\":\"https:\/\/schema.org\",\"@graph\":[{\"@type\":\"WebPage\",\"@id\":\"https:\/\/voile-escalade.com\/vertigoblue\/histoire-de-vertigo-blue\/\",\"url\":\"https:\/\/voile-escalade.com\/vertigoblue\/histoire-de-vertigo-blue\/\",\"name\":\"L'Histoire de Vertigo Blue - Voile et escalade en M\u00e9diterran\u00e9e\",\"isPartOf\":{\"@id\":\"https:\/\/voile-escalade.com\/vertigoblue\/#website\"},\"datePublished\":\"2020-01-11T18:53:13+00:00\",\"dateModified\":\"2020-11-12T18:46:34+00:00\",\"author\":{\"@id\":\"https:\/\/voile-escalade.com\/vertigoblue\/#\/schema\/person\/76b73d0fbc6bdf5c520695dfe018c77f\"},\"breadcrumb\":{\"@id\":\"https:\/\/voile-escalade.com\/vertigoblue\/histoire-de-vertigo-blue\/#breadcrumb\"},\"inLanguage\":\"fr-FR\",\"potentialAction\":[{\"@type\":\"ReadAction\",\"target\":[\"https:\/\/voile-escalade.com\/vertigoblue\/histoire-de-vertigo-blue\/\"]}]},{\"@type\":\"BreadcrumbList\",\"@id\":\"https:\/\/voile-escalade.com\/vertigoblue\/histoire-de-vertigo-blue\/#breadcrumb\",\"itemListElement\":[{\"@type\":\"ListItem\",\"position\":1,\"name\":\"Accueil\",\"item\":\"https:\/\/voile-escalade.com\/vertigoblue\/\"},{\"@type\":\"ListItem\",\"position\":2,\"name\":\"L&rsquo;Histoire de Vertigo Blue\"}]},{\"@type\":\"WebSite\",\"@id\":\"https:\/\/voile-escalade.com\/vertigoblue\/#website\",\"url\":\"https:\/\/voile-escalade.com\/vertigoblue\/\",\"name\":\"Voile et escalade en M\u00e9diterran\u00e9e\",\"description\":\"Voyages sportifs voile et escalade\",\"potentialAction\":[{\"@type\":\"SearchAction\",\"target\":{\"@type\":\"EntryPoint\",\"urlTemplate\":\"https:\/\/voile-escalade.com\/vertigoblue\/?s={search_term_string}\"},\"query-input\":\"required name=search_term_string\"}],\"inLanguage\":\"fr-FR\"},{\"@type\":\"Person\",\"@id\":\"https:\/\/voile-escalade.com\/vertigoblue\/#\/schema\/person\/76b73d0fbc6bdf5c520695dfe018c77f\",\"name\":\"Sarah Marquina\",\"image\":{\"@type\":\"ImageObject\",\"inLanguage\":\"fr-FR\",\"@id\":\"https:\/\/voile-escalade.com\/vertigoblue\/#\/schema\/person\/image\/\",\"url\":\"https:\/\/secure.gravatar.com\/avatar\/b567f434b680b14edfffa0852edb74d7?s=96&d=mm&r=g\",\"contentUrl\":\"https:\/\/secure.gravatar.com\/avatar\/b567f434b680b14edfffa0852edb74d7?s=96&d=mm&r=g\",\"caption\":\"Sarah Marquina\"},\"sameAs\":[\"http:\/\/vertigoblue.fr\"],\"url\":\"https:\/\/voile-escalade.com\/vertigoblue\/author\/ad02_5864-_45vvv-eee12\/\"}]}<\/script>\n<!-- \/ Yoast SEO plugin. -->","yoast_head_json":{"title":"L'Histoire de Vertigo Blue - Voile et escalade en M\u00e9diterran\u00e9e","robots":{"index":"index","follow":"follow","max-snippet":"max-snippet:-1","max-image-preview":"max-image-preview:large","max-video-preview":"max-video-preview:-1"},"canonical":"https:\/\/voile-escalade.com\/vertigoblue\/histoire-de-vertigo-blue\/","og_locale":"fr_FR","og_type":"article","og_title":"L'Histoire de Vertigo Blue - Voile et escalade en M\u00e9diterran\u00e9e","og_description":"\u00a0 \u00a0 \u201cL'id\u00e9e du projet Vertigo Blue a commenc\u00e9 \u00e0 prendre forme il y a d\u00e9sormais plusieurs ann\u00e9es, lors de ma toute premi\u00e8re exp\u00e9rience de voile. Je naviguais avec un bon ami sur son Arpege depuis deux semaines, au d\u00e9part de la Sicile et faisant cap sur Barcelone, nous arr\u00eatant en Sardaigne et aux Bal\u00e9ares. [&hellip;]","og_url":"https:\/\/voile-escalade.com\/vertigoblue\/histoire-de-vertigo-blue\/","og_site_name":"Voile et escalade en M\u00e9diterran\u00e9e","article_published_time":"2020-01-11T18:53:13+00:00","article_modified_time":"2020-11-12T18:46:34+00:00","og_image":[{"width":1920,"height":1280,"url":"https:\/\/voile-escalade.com\/vertigoblue\/wp-content\/uploads\/2019\/12\/vertigo-blue-sardaigne-voilier-mouillage-mer-montagne.jpg","type":"image\/jpeg"}],"author":"Sarah Marquina","twitter_card":"summary_large_image","twitter_misc":{"\u00c9crit par":"Sarah Marquina","Dur\u00e9e de lecture estim\u00e9e":"2 minutes"},"schema":{"@context":"https:\/\/schema.org","@graph":[{"@type":"WebPage","@id":"https:\/\/voile-escalade.com\/vertigoblue\/histoire-de-vertigo-blue\/","url":"https:\/\/voile-escalade.com\/vertigoblue\/histoire-de-vertigo-blue\/","name":"L'Histoire de Vertigo Blue - Voile et escalade en M\u00e9diterran\u00e9e","isPartOf":{"@id":"https:\/\/voile-escalade.com\/vertigoblue\/#website"},"datePublished":"2020-01-11T18:53:13+00:00","dateModified":"2020-11-12T18:46:34+00:00","author":{"@id":"https:\/\/voile-escalade.com\/vertigoblue\/#\/schema\/person\/76b73d0fbc6bdf5c520695dfe018c77f"},"breadcrumb":{"@id":"https:\/\/voile-escalade.com\/vertigoblue\/histoire-de-vertigo-blue\/#breadcrumb"},"inLanguage":"fr-FR","potentialAction":[{"@type":"ReadAction","target":["https:\/\/voile-escalade.com\/vertigoblue\/histoire-de-vertigo-blue\/"]}]},{"@type":"BreadcrumbList","@id":"https:\/\/voile-escalade.com\/vertigoblue\/histoire-de-vertigo-blue\/#breadcrumb","itemListElement":[{"@type":"ListItem","position":1,"name":"Accueil","item":"https:\/\/voile-escalade.com\/vertigoblue\/"},{"@type":"ListItem","position":2,"name":"L&rsquo;Histoire de Vertigo Blue"}]},{"@type":"WebSite","@id":"https:\/\/voile-escalade.com\/vertigoblue\/#website","url":"https:\/\/voile-escalade.com\/vertigoblue\/","name":"Voile et escalade en M\u00e9diterran\u00e9e","description":"Voyages sportifs voile et escalade","potentialAction":[{"@type":"SearchAction","target":{"@type":"EntryPoint","urlTemplate":"https:\/\/voile-escalade.com\/vertigoblue\/?s={search_term_string}"},"query-input":"required name=search_term_string"}],"inLanguage":"fr-FR"},{"@type":"Person","@id":"https:\/\/voile-escalade.com\/vertigoblue\/#\/schema\/person\/76b73d0fbc6bdf5c520695dfe018c77f","name":"Sarah Marquina","image":{"@type":"ImageObject","inLanguage":"fr-FR","@id":"https:\/\/voile-escalade.com\/vertigoblue\/#\/schema\/person\/image\/","url":"https:\/\/secure.gravatar.com\/avatar\/b567f434b680b14edfffa0852edb74d7?s=96&d=mm&r=g","contentUrl":"https:\/\/secure.gravatar.com\/avatar\/b567f434b680b14edfffa0852edb74d7?s=96&d=mm&r=g","caption":"Sarah Marquina"},"sameAs":["http:\/\/vertigoblue.fr"],"url":"https:\/\/voile-escalade.com\/vertigoblue\/author\/ad02_5864-_45vvv-eee12\/"}]}},"_links":{"self":[{"href":"https:\/\/voile-escalade.com\/vertigoblue\/wp-json\/wp\/v2\/posts\/1020"}],"collection":[{"href":"https:\/\/voile-escalade.com\/vertigoblue\/wp-json\/wp\/v2\/posts"}],"about":[{"href":"https:\/\/voile-escalade.com\/vertigoblue\/wp-json\/wp\/v2\/types\/post"}],"author":[{"embeddable":true,"href":"https:\/\/voile-escalade.com\/vertigoblue\/wp-json\/wp\/v2\/users\/2"}],"replies":[{"embeddable":true,"href":"https:\/\/voile-escalade.com\/vertigoblue\/wp-json\/wp\/v2\/comments?post=1020"}],"version-history":[{"count":10,"href":"https:\/\/voile-escalade.com\/vertigoblue\/wp-json\/wp\/v2\/posts\/1020\/revisions"}],"predecessor-version":[{"id":1094,"href":"https:\/\/voile-escalade.com\/vertigoblue\/wp-json\/wp\/v2\/posts\/1020\/revisions\/1094"}],"wp:featuredmedia":[{"embeddable":true,"href":"https:\/\/voile-escalade.com\/vertigoblue\/wp-json\/wp\/v2\/media\/190"}],"wp:attachment":[{"href":"https:\/\/voile-escalade.com\/vertigoblue\/wp-json\/wp\/v2\/media?parent=1020"}],"wp:term":[{"taxonomy":"category","embeddable":true,"href":"https:\/\/voile-escalade.com\/vertigoblue\/wp-json\/wp\/v2\/categories?post=1020"},{"taxonomy":"post_tag","embeddable":true,"href":"https:\/\/voile-escalade.com\/vertigoblue\/wp-json\/wp\/v2\/tags?post=1020"}],"curies":[{"name":"wp","href":"https:\/\/api.w.org\/{rel}","templated":true}]}}