{"id":970,"date":"2022-02-15T15:54:05","date_gmt":"2022-02-15T14:54:05","guid":{"rendered":"https:\/\/voile-escalade.com\/vertigoblue\/vela-escalada\/?p=970"},"modified":"2022-02-21T12:58:01","modified_gmt":"2022-02-21T11:58:01","slug":"la-isla-delba-una-maravilla-enclavada-en-el-azul","status":"publish","type":"post","link":"https:\/\/voile-escalade.com\/vertigoblue\/vela-escalada\/la-isla-delba-una-maravilla-enclavada-en-el-azul\/","title":{"rendered":"La Isla d&#8217;Elba &#8211; una maravilla enclavada en el azul"},"content":{"rendered":"<p>[et_pb_section fb_built=\u00bb1&#8243; _builder_version=\u00bb3.22&#8243; top_divider_height=\u00bb60px\u00bb locked=\u00bboff\u00bb][et_pb_row _builder_version=\u00bb4.3.4&#8243; background_size=\u00bbinitial\u00bb background_position=\u00bbtop_left\u00bb background_repeat=\u00bbrepeat\u00bb collapsed=\u00bboff\u00bb][et_pb_column type=\u00bb4_4&#8243; _builder_version=\u00bb3.25&#8243; custom_padding=\u00bb|||\u00bb custom_padding__hover=\u00bb|||\u00bb][et_pb_text _builder_version=\u00bb4.3.4&#8243; background_size=\u00bbinitial\u00bb background_position=\u00bbtop_left\u00bb background_repeat=\u00bbrepeat\u00bb]<\/p>\n<p>Al llegar por mar desde Piombino a Rio Marina, uno se da cuenta enseguida de que Elba es una joya del Mediterr\u00e1neo.<\/p>\n<p>Las peque\u00f1as casas de color hierro, apiladas una sobre otra sobre el puerto.<\/p>\n<p>El puerto, las antiguas murallas que lo rodean, dos espigones y cuatro muelles.<\/p>\n<p>Un puerto antiguo, como todos los de la isla, amplio y abierto, el alma viva y vibrante del lugar,<\/p>\n<p>y no el mont\u00f3n de muelles de parqueo al que, por desgracia, a veces nos acostumbramos cuando navegamos por el Mediterr\u00e1neo occidental.<\/p>\n<p>Desde R\u00edo Marina hacia el sur, pasando por el amplio y profundo golfo de Porto Azzurro, se comprende el amor de los isle\u00f1os por su mar y por la navegaci\u00f3n.<\/p>\n<p>A seguir, se llega al peque\u00f1o pueblo medieval de Capoliveri, puerta de entrada a la punta salvaje que forman las faldas del Monte Calamita, donde se esconden numerosas grietas de para\u00edso.<\/p>\n<p><!-- \/wp:paragraph --><\/p>\n<p>[\/et_pb_text][\/et_pb_column][\/et_pb_row][et_pb_row column_structure=\u00bb1_2,1_2&#8243; _builder_version=\u00bb4.3.4&#8243; collapsed=\u00bboff\u00bb][et_pb_column type=\u00bb1_2&#8243; _builder_version=\u00bb4.3.4&#8243;][et_pb_image src=\u00bbhttps:\/\/voile-escalade.com\/vertigoblue\/vela-arrampicata\/wp-content\/uploads\/sites\/3\/2022\/02\/isola-delba-ottobre-2021-crystal-clear-water.jpg\u00bb _builder_version=\u00bb4.3.4&#8243; locked=\u00bboff\u00bb][\/et_pb_image][\/et_pb_column][et_pb_column type=\u00bb1_2&#8243; _builder_version=\u00bb4.3.4&#8243;][et_pb_image src=\u00bbhttps:\/\/voile-escalade.com\/vertigoblue\/vela-arrampicata\/wp-content\/uploads\/sites\/3\/2022\/02\/Elba-Island-2021-sailing-boat-by-the-beach.jpg\u00bb _builder_version=\u00bb4.3.4&#8243; locked=\u00bboff\u00bb][\/et_pb_image][\/et_pb_column][\/et_pb_row][et_pb_row column_structure=\u00bb1_2,1_2&#8243; _builder_version=\u00bb4.3.4&#8243; collapsed=\u00bboff\u00bb][et_pb_column type=\u00bb1_2&#8243; _builder_version=\u00bb4.3.4&#8243;][et_pb_text _builder_version=\u00bb4.3.4&#8243; locked=\u00bboff\u00bb]<\/p>\n<p>Playas de guijarros blancos y grises y aguas turquesas escondidas en el verde de los bosques de pinos y el matorral escarpado,<br \/>de Remaiolo a Punta Bianca pasando por Punta Galera y la Costa dei Gabbiani.<\/p>\n<p>No hay tiempo para escalar aqu\u00ed, la larga playa de arena del Golfo de Lacona nos espera,<br \/>con un poco de suerte el acantilado del Ginepro no se mover\u00e1.<\/p>\n<p>[\/et_pb_text][\/et_pb_column][et_pb_column type=\u00bb1_2&#8243; _builder_version=\u00bb4.3.4&#8243;][et_pb_image src=\u00bbhttps:\/\/voile-escalade.com\/vertigoblue\/vela-arrampicata\/wp-content\/uploads\/sites\/3\/2022\/02\/ile-delbe-2021-cala-di-ginepro-falaise-escalade.jpg\u00bb _builder_version=\u00bb4.3.4&#8243; locked=\u00bboff\u00bb][\/et_pb_image][\/et_pb_column][\/et_pb_row][et_pb_row _builder_version=\u00bb4.3.4&#8243;][et_pb_column type=\u00bb4_4&#8243; _builder_version=\u00bb4.3.4&#8243;][et_pb_image src=\u00bbhttps:\/\/voile-escalade.com\/vertigoblue\/vela-arrampicata\/wp-content\/uploads\/sites\/3\/2022\/02\/isola-delba-ottobre-2021-spiaggia.jpg\u00bb _builder_version=\u00bb4.3.4&#8243; locked=\u00bboff\u00bb][\/et_pb_image][\/et_pb_column][\/et_pb_row][et_pb_row _builder_version=\u00bb4.3.4&#8243;][et_pb_column type=\u00bb4_4&#8243; _builder_version=\u00bb4.3.4&#8243;][et_pb_text _builder_version=\u00bb4.3.4&#8243; hover_enabled=\u00bb0&#8243; locked=\u00bboff\u00bb]<\/p>\n<p>Unos kil\u00f3metros m\u00e1s all\u00e1, el granito rosa del mar de Fetovaia nos atrae, el calor del acantilado soleado lo apagamos con el agua fresca y salada del Mediterr\u00e1neo en octubre.<\/p>\n<p>[\/et_pb_text][\/et_pb_column][\/et_pb_row][et_pb_row column_structure=\u00bb1_2,1_2&#8243; _builder_version=\u00bb4.3.4&#8243;][et_pb_column type=\u00bb1_2&#8243; _builder_version=\u00bb4.3.4&#8243;][et_pb_image src=\u00bbhttps:\/\/voile-escalade.com\/vertigoblue\/vela-arrampicata\/wp-content\/uploads\/sites\/3\/2022\/02\/Ile-dElbe-escalade-en-bord-de-mer-Fettovaia.jpg\u00bb _builder_version=\u00bb4.3.4&#8243; locked=\u00bboff\u00bb][\/et_pb_image][\/et_pb_column][et_pb_column type=\u00bb1_2&#8243; _builder_version=\u00bb4.3.4&#8243;][et_pb_image src=\u00bbhttps:\/\/voile-escalade.com\/vertigoblue\/vela-arrampicata\/wp-content\/uploads\/sites\/3\/2022\/02\/isola-delba-ottobre-2021-le-falesie-di-Fettovaia.jpg\u00bb _builder_version=\u00bb4.3.4&#8243;][\/et_pb_image][\/et_pb_column][\/et_pb_row][et_pb_row _builder_version=\u00bb4.3.4&#8243;][et_pb_column type=\u00bb4_4&#8243; _builder_version=\u00bb4.3.4&#8243;][et_pb_text _builder_version=\u00bb4.3.4&#8243; locked=\u00bboff\u00bb]<\/p>\n<p>Circunnavegar el Monte Capanne por la carretera de la costa es un espect\u00e1culo impresionante a cada paso.<\/p>\n<p>Pomonte, Chiessi, Punta Nera, Patresi, Sant&#8217;Andrea y hasta la antigua ciudad medieval de Marciana.<\/p>\n<p>Un r\u00e1pido saludo pasando por \u201c<a href=\"https:\/\/elbaartenaturale.com\/\">elba arte naturale<\/a>\u00bb donde Agnese, a quien conocimos en los acantilados de Fetovaia, nos explica c\u00f3mo evitar subir por los pilones del funicular es en definitiva la mejor manera de llegar a la cima del Capanne.<\/p>\n<p>[\/et_pb_text][et_pb_text _builder_version=\u00bb4.3.4&#8243; locked=\u00bboff\u00bb]<\/p>\n<p>La niebla matinal nos desalienta en la subida, pero al llegar a la cima, un despeje providencial nos regala una soberbia visi\u00f3n de esta joya mediterr\u00e1nea.<\/p>\n<p>[\/et_pb_text][et_pb_image src=\u00bbhttps:\/\/voile-escalade.com\/vertigoblue\/vela-arrampicata\/wp-content\/uploads\/sites\/3\/2022\/02\/ile-delbe-Mont-Capanne.jpg\u00bb _builder_version=\u00bb4.3.4&#8243; locked=\u00bboff\u00bb][\/et_pb_image][et_pb_text _builder_version=\u00bb4.3.4&#8243; locked=\u00bboff\u00bb]<\/p>\n<p>Al d\u00eda siguiente, despu\u00e9s de hablar con Renato sobre los acantilados que ha equipado con pasi\u00f3n en la isla, dejamos Elba desde Portoferraio con los ojos llenos y un poco menos de coraz\u00f3n.<\/p>\n<p>[\/et_pb_text][\/et_pb_column][\/et_pb_row][\/et_pb_section]<\/p>\n","protected":false},"excerpt":{"rendered":"<p>Al llegar por mar desde Piombino a Rio Marina, uno se da cuenta enseguida de que Elba es una joya del Mediterr\u00e1neo. Las peque\u00f1as casas de color hierro, apiladas una sobre otra sobre el puerto. El puerto, las antiguas murallas que lo rodean, dos espigones y cuatro muelles. Un puerto antiguo, como todos los de [&hellip;]<\/p>\n","protected":false},"author":2,"featured_media":1246,"comment_status":"open","ping_status":"open","sticky":false,"template":"","format":"standard","meta":{"_et_pb_use_builder":"on","_et_pb_old_content":"","_et_gb_content_width":""},"categories":[1],"tags":[],"yoast_head":"<!-- This site is optimized with the Yoast SEO plugin v20.2.1 - https:\/\/yoast.com\/wordpress\/plugins\/seo\/ -->\n<title>La Isla d&#039;Elba - una maravilla enclavada en el azul - Vela y escalada en Mediterraneo<\/title>\n<meta name=\"robots\" content=\"index, follow, max-snippet:-1, max-image-preview:large, max-video-preview:-1\" \/>\n<link rel=\"canonical\" href=\"https:\/\/voile-escalade.com\/vertigoblue\/vela-escalada\/la-isla-delba-una-maravilla-enclavada-en-el-azul\/\" \/>\n<meta property=\"og:locale\" content=\"es_ES\" \/>\n<meta property=\"og:type\" content=\"article\" \/>\n<meta property=\"og:title\" content=\"La Isla d&#039;Elba - una maravilla enclavada en el azul - Vela y escalada en Mediterraneo\" \/>\n<meta property=\"og:description\" content=\"Al llegar por mar desde Piombino a Rio Marina, uno se da cuenta enseguida de que Elba es una joya del Mediterr\u00e1neo. Las peque\u00f1as casas de color hierro, apiladas una sobre otra sobre el puerto. El puerto, las antiguas murallas que lo rodean, dos espigones y cuatro muelles. Un puerto antiguo, como todos los de [&hellip;]\" \/>\n<meta property=\"og:url\" content=\"https:\/\/voile-escalade.com\/vertigoblue\/vela-escalada\/la-isla-delba-una-maravilla-enclavada-en-el-azul\/\" \/>\n<meta property=\"og:site_name\" content=\"Vela y escalada en Mediterraneo\" \/>\n<meta property=\"article:published_time\" content=\"2022-02-15T14:54:05+00:00\" \/>\n<meta property=\"article:modified_time\" content=\"2022-02-21T11:58:01+00:00\" \/>\n<meta property=\"og:image\" content=\"https:\/\/voile-escalade.com\/vertigoblue\/vela-escalada\/wp-content\/uploads\/sites\/4\/2022\/02\/ile-delbe-Mont-Capanne.jpg\" \/>\n\t<meta property=\"og:image:width\" content=\"800\" \/>\n\t<meta property=\"og:image:height\" content=\"451\" \/>\n\t<meta property=\"og:image:type\" content=\"image\/jpeg\" \/>\n<meta name=\"author\" content=\"Sarah Marquina\" \/>\n<meta name=\"twitter:card\" content=\"summary_large_image\" \/>\n<meta name=\"twitter:label1\" content=\"Escrito por\" \/>\n\t<meta name=\"twitter:data1\" content=\"Sarah Marquina\" \/>\n\t<meta name=\"twitter:label2\" content=\"Tiempo de lectura\" \/>\n\t<meta name=\"twitter:data2\" content=\"4 minutos\" \/>\n<script type=\"application\/ld+json\" class=\"yoast-schema-graph\">{\"@context\":\"https:\/\/schema.org\",\"@graph\":[{\"@type\":\"WebPage\",\"@id\":\"https:\/\/voile-escalade.com\/vertigoblue\/vela-escalada\/la-isla-delba-una-maravilla-enclavada-en-el-azul\/\",\"url\":\"https:\/\/voile-escalade.com\/vertigoblue\/vela-escalada\/la-isla-delba-una-maravilla-enclavada-en-el-azul\/\",\"name\":\"La Isla d'Elba - una maravilla enclavada en el azul - Vela y escalada en Mediterraneo\",\"isPartOf\":{\"@id\":\"https:\/\/voile-escalade.com\/vertigoblue\/vela-escalada\/#website\"},\"datePublished\":\"2022-02-15T14:54:05+00:00\",\"dateModified\":\"2022-02-21T11:58:01+00:00\",\"author\":{\"@id\":\"https:\/\/voile-escalade.com\/vertigoblue\/vela-escalada\/#\/schema\/person\/76b73d0fbc6bdf5c520695dfe018c77f\"},\"breadcrumb\":{\"@id\":\"https:\/\/voile-escalade.com\/vertigoblue\/vela-escalada\/la-isla-delba-una-maravilla-enclavada-en-el-azul\/#breadcrumb\"},\"inLanguage\":\"es\",\"potentialAction\":[{\"@type\":\"ReadAction\",\"target\":[\"https:\/\/voile-escalade.com\/vertigoblue\/vela-escalada\/la-isla-delba-una-maravilla-enclavada-en-el-azul\/\"]}]},{\"@type\":\"BreadcrumbList\",\"@id\":\"https:\/\/voile-escalade.com\/vertigoblue\/vela-escalada\/la-isla-delba-una-maravilla-enclavada-en-el-azul\/#breadcrumb\",\"itemListElement\":[{\"@type\":\"ListItem\",\"position\":1,\"name\":\"Accueil\",\"item\":\"https:\/\/voile-escalade.com\/vertigoblue\/vela-escalada\/\"},{\"@type\":\"ListItem\",\"position\":2,\"name\":\"La Isla d&#8217;Elba &#8211; una maravilla enclavada en el azul\"}]},{\"@type\":\"WebSite\",\"@id\":\"https:\/\/voile-escalade.com\/vertigoblue\/vela-escalada\/#website\",\"url\":\"https:\/\/voile-escalade.com\/vertigoblue\/vela-escalada\/\",\"name\":\"Vela y escalada en Mediterraneo\",\"description\":\"Viajes deportivos vela y escalada\",\"potentialAction\":[{\"@type\":\"SearchAction\",\"target\":{\"@type\":\"EntryPoint\",\"urlTemplate\":\"https:\/\/voile-escalade.com\/vertigoblue\/vela-escalada\/?s={search_term_string}\"},\"query-input\":\"required name=search_term_string\"}],\"inLanguage\":\"es\"},{\"@type\":\"Person\",\"@id\":\"https:\/\/voile-escalade.com\/vertigoblue\/vela-escalada\/#\/schema\/person\/76b73d0fbc6bdf5c520695dfe018c77f\",\"name\":\"Sarah Marquina\",\"image\":{\"@type\":\"ImageObject\",\"inLanguage\":\"es\",\"@id\":\"https:\/\/voile-escalade.com\/vertigoblue\/vela-escalada\/#\/schema\/person\/image\/\",\"url\":\"https:\/\/secure.gravatar.com\/avatar\/b567f434b680b14edfffa0852edb74d7?s=96&d=mm&r=g\",\"contentUrl\":\"https:\/\/secure.gravatar.com\/avatar\/b567f434b680b14edfffa0852edb74d7?s=96&d=mm&r=g\",\"caption\":\"Sarah Marquina\"},\"sameAs\":[\"http:\/\/vertigoblue.fr\"],\"url\":\"https:\/\/voile-escalade.com\/vertigoblue\/vela-escalada\/author\/ad02_5864-_45vvv-eee12\/\"}]}<\/script>\n<!-- \/ Yoast SEO plugin. -->","yoast_head_json":{"title":"La Isla d'Elba - una maravilla enclavada en el azul - Vela y escalada en Mediterraneo","robots":{"index":"index","follow":"follow","max-snippet":"max-snippet:-1","max-image-preview":"max-image-preview:large","max-video-preview":"max-video-preview:-1"},"canonical":"https:\/\/voile-escalade.com\/vertigoblue\/vela-escalada\/la-isla-delba-una-maravilla-enclavada-en-el-azul\/","og_locale":"es_ES","og_type":"article","og_title":"La Isla d'Elba - una maravilla enclavada en el azul - Vela y escalada en Mediterraneo","og_description":"Al llegar por mar desde Piombino a Rio Marina, uno se da cuenta enseguida de que Elba es una joya del Mediterr\u00e1neo. Las peque\u00f1as casas de color hierro, apiladas una sobre otra sobre el puerto. El puerto, las antiguas murallas que lo rodean, dos espigones y cuatro muelles. Un puerto antiguo, como todos los de [&hellip;]","og_url":"https:\/\/voile-escalade.com\/vertigoblue\/vela-escalada\/la-isla-delba-una-maravilla-enclavada-en-el-azul\/","og_site_name":"Vela y escalada en Mediterraneo","article_published_time":"2022-02-15T14:54:05+00:00","article_modified_time":"2022-02-21T11:58:01+00:00","og_image":[{"width":800,"height":451,"url":"https:\/\/voile-escalade.com\/vertigoblue\/vela-escalada\/wp-content\/uploads\/sites\/4\/2022\/02\/ile-delbe-Mont-Capanne.jpg","type":"image\/jpeg"}],"author":"Sarah Marquina","twitter_card":"summary_large_image","twitter_misc":{"Escrito por":"Sarah Marquina","Tiempo de lectura":"4 minutos"},"schema":{"@context":"https:\/\/schema.org","@graph":[{"@type":"WebPage","@id":"https:\/\/voile-escalade.com\/vertigoblue\/vela-escalada\/la-isla-delba-una-maravilla-enclavada-en-el-azul\/","url":"https:\/\/voile-escalade.com\/vertigoblue\/vela-escalada\/la-isla-delba-una-maravilla-enclavada-en-el-azul\/","name":"La Isla d'Elba - una maravilla enclavada en el azul - Vela y escalada en Mediterraneo","isPartOf":{"@id":"https:\/\/voile-escalade.com\/vertigoblue\/vela-escalada\/#website"},"datePublished":"2022-02-15T14:54:05+00:00","dateModified":"2022-02-21T11:58:01+00:00","author":{"@id":"https:\/\/voile-escalade.com\/vertigoblue\/vela-escalada\/#\/schema\/person\/76b73d0fbc6bdf5c520695dfe018c77f"},"breadcrumb":{"@id":"https:\/\/voile-escalade.com\/vertigoblue\/vela-escalada\/la-isla-delba-una-maravilla-enclavada-en-el-azul\/#breadcrumb"},"inLanguage":"es","potentialAction":[{"@type":"ReadAction","target":["https:\/\/voile-escalade.com\/vertigoblue\/vela-escalada\/la-isla-delba-una-maravilla-enclavada-en-el-azul\/"]}]},{"@type":"BreadcrumbList","@id":"https:\/\/voile-escalade.com\/vertigoblue\/vela-escalada\/la-isla-delba-una-maravilla-enclavada-en-el-azul\/#breadcrumb","itemListElement":[{"@type":"ListItem","position":1,"name":"Accueil","item":"https:\/\/voile-escalade.com\/vertigoblue\/vela-escalada\/"},{"@type":"ListItem","position":2,"name":"La Isla d&#8217;Elba &#8211; una maravilla enclavada en el azul"}]},{"@type":"WebSite","@id":"https:\/\/voile-escalade.com\/vertigoblue\/vela-escalada\/#website","url":"https:\/\/voile-escalade.com\/vertigoblue\/vela-escalada\/","name":"Vela y escalada en Mediterraneo","description":"Viajes deportivos vela y escalada","potentialAction":[{"@type":"SearchAction","target":{"@type":"EntryPoint","urlTemplate":"https:\/\/voile-escalade.com\/vertigoblue\/vela-escalada\/?s={search_term_string}"},"query-input":"required name=search_term_string"}],"inLanguage":"es"},{"@type":"Person","@id":"https:\/\/voile-escalade.com\/vertigoblue\/vela-escalada\/#\/schema\/person\/76b73d0fbc6bdf5c520695dfe018c77f","name":"Sarah Marquina","image":{"@type":"ImageObject","inLanguage":"es","@id":"https:\/\/voile-escalade.com\/vertigoblue\/vela-escalada\/#\/schema\/person\/image\/","url":"https:\/\/secure.gravatar.com\/avatar\/b567f434b680b14edfffa0852edb74d7?s=96&d=mm&r=g","contentUrl":"https:\/\/secure.gravatar.com\/avatar\/b567f434b680b14edfffa0852edb74d7?s=96&d=mm&r=g","caption":"Sarah Marquina"},"sameAs":["http:\/\/vertigoblue.fr"],"url":"https:\/\/voile-escalade.com\/vertigoblue\/vela-escalada\/author\/ad02_5864-_45vvv-eee12\/"}]}},"_links":{"self":[{"href":"https:\/\/voile-escalade.com\/vertigoblue\/vela-escalada\/wp-json\/wp\/v2\/posts\/970"}],"collection":[{"href":"https:\/\/voile-escalade.com\/vertigoblue\/vela-escalada\/wp-json\/wp\/v2\/posts"}],"about":[{"href":"https:\/\/voile-escalade.com\/vertigoblue\/vela-escalada\/wp-json\/wp\/v2\/types\/post"}],"author":[{"embeddable":true,"href":"https:\/\/voile-escalade.com\/vertigoblue\/vela-escalada\/wp-json\/wp\/v2\/users\/2"}],"replies":[{"embeddable":true,"href":"https:\/\/voile-escalade.com\/vertigoblue\/vela-escalada\/wp-json\/wp\/v2\/comments?post=970"}],"version-history":[{"count":10,"href":"https:\/\/voile-escalade.com\/vertigoblue\/vela-escalada\/wp-json\/wp\/v2\/posts\/970\/revisions"}],"predecessor-version":[{"id":1314,"href":"https:\/\/voile-escalade.com\/vertigoblue\/vela-escalada\/wp-json\/wp\/v2\/posts\/970\/revisions\/1314"}],"wp:featuredmedia":[{"embeddable":true,"href":"https:\/\/voile-escalade.com\/vertigoblue\/vela-escalada\/wp-json\/wp\/v2\/media\/1246"}],"wp:attachment":[{"href":"https:\/\/voile-escalade.com\/vertigoblue\/vela-escalada\/wp-json\/wp\/v2\/media?parent=970"}],"wp:term":[{"taxonomy":"category","embeddable":true,"href":"https:\/\/voile-escalade.com\/vertigoblue\/vela-escalada\/wp-json\/wp\/v2\/categories?post=970"},{"taxonomy":"post_tag","embeddable":true,"href":"https:\/\/voile-escalade.com\/vertigoblue\/vela-escalada\/wp-json\/wp\/v2\/tags?post=970"}],"curies":[{"name":"wp","href":"https:\/\/api.w.org\/{rel}","templated":true}]}}