{"id":1304,"date":"2022-02-15T17:43:29","date_gmt":"2022-02-15T16:43:29","guid":{"rendered":"https:\/\/voile-escalade.com\/vertigoblue\/vela-escalada\/?p=1304"},"modified":"2022-02-15T17:43:32","modified_gmt":"2022-02-15T16:43:32","slug":"el-nacimiento-de-vertigoblue","status":"publish","type":"post","link":"https:\/\/voile-escalade.com\/vertigoblue\/vela-escalada\/el-nacimiento-de-vertigoblue\/","title":{"rendered":"El nacimiento de Vertigoblue"},"content":{"rendered":"<p>[et_pb_section fb_built=\u00bb1&#8243; _builder_version=\u00bb3.22&#8243; top_divider_height=\u00bb60px\u00bb][et_pb_row _builder_version=\u00bb3.25&#8243; background_size=\u00bbinitial\u00bb background_position=\u00bbtop_left\u00bb background_repeat=\u00bbrepeat\u00bb][et_pb_column type=\u00bb4_4&#8243; _builder_version=\u00bb3.25&#8243; custom_padding=\u00bb|||\u00bb custom_padding__hover=\u00bb|||\u00bb][et_pb_text _builder_version=\u00bb4.3.4&#8243; background_size=\u00bbinitial\u00bb background_position=\u00bbtop_left\u00bb background_repeat=\u00bbrepeat\u00bb]<\/p>\n<div class=\"kvgmc6g5 cxmmr5t8 oygrvhab hcukyx3x c1et5uql ii04i59q\">\n<div dir=\"auto\">\n<div class=\"kvgmc6g5 cxmmr5t8 oygrvhab hcukyx3x c1et5uql ii04i59q\">\n<div dir=\"auto\">\u00a0<\/div>\n<div dir=\"auto\">\u00a0<\/div>\n<\/div>\n<\/div>\n<\/div>\n<div class=\"o9v6fnle cxmmr5t8 oygrvhab hcukyx3x c1et5uql ii04i59q\">\n<p>\u00abLa idea de Vertigo Blue empieza a tomar forma hace varios a\u00f1os, durante mi primera experiencia de navegaci\u00f3n.<br \/>Estaba navegando con un buen amigo en su Arpege durante ya quince d\u00edas, saliendo de Sicilia y dirigi\u00e9ndonos a Barcelona, haciendo escala en Cerde\u00f1a y las Baleares.<\/p>\n<p>Cuando llegamos a la isla de Menorca, en una peque\u00f1a cala, encontramos un manantial y unas v\u00edas de escalada equipadas. Ambos \u00e9ramos escaladores principiantes hambrientos, y yo era un navegante de agua dulce&#8230;. Pensamos estar so\u00f1ando.<br \/>Esa noche, subimos bajo la suave luz de la luna llena.<\/p>\n<p>Estuvimos all\u00ed 3 d\u00edas sin movernos, salvo para hacer escalada, pescar y llevarme en barco al hospital m\u00e1s cercano con un pie roto, no por una ca\u00edda de escalada sino por un paseo despu\u00e9s de tomar algo en los acantilados&#8230;<\/p>\n<p>Durante este viaje y otros posteriores, me di cuenta de que hab\u00eda muchas posibilidades de revivir la misma aventura en diferentes lugares del Mediterr\u00e1neo.<\/p>\n<p>Desde ese momento, tuve claro que eso era todo lo que ten\u00eda que hacer: navegar, escalar los m\u00e1s bellos acantilados junto al mar y llevar a otros conmigo para vivir una experiencia que cambiara mi vida\u00bb.<\/p>\n<p>Andrea<\/p>\n<\/div>\n<div class=\"o9v6fnle cxmmr5t8 oygrvhab hcukyx3x c1et5uql ii04i59q\">\u00a0<\/div>\n<p><!-- \/wp:paragraph --><\/p>\n<p>[\/et_pb_text][\/et_pb_column][\/et_pb_row][\/et_pb_section]<\/p>\n","protected":false},"excerpt":{"rendered":"<p>\u00a0 \u00a0 \u00abLa idea de Vertigo Blue empieza a tomar forma hace varios a\u00f1os, durante mi primera experiencia de navegaci\u00f3n.Estaba navegando con un buen amigo en su Arpege durante ya quince d\u00edas, saliendo de Sicilia y dirigi\u00e9ndonos a Barcelona, haciendo escala en Cerde\u00f1a y las Baleares. Cuando llegamos a la isla de Menorca, en una [&hellip;]<\/p>\n","protected":false},"author":2,"featured_media":190,"comment_status":"open","ping_status":"open","sticky":false,"template":"","format":"standard","meta":{"_et_pb_use_builder":"on","_et_pb_old_content":"","_et_gb_content_width":""},"categories":[1],"tags":[],"yoast_head":"<!-- This site is optimized with the Yoast SEO plugin v20.2.1 - https:\/\/yoast.com\/wordpress\/plugins\/seo\/ -->\n<title>El nacimiento de Vertigoblue - Vela y escalada en Mediterraneo<\/title>\n<meta name=\"robots\" content=\"index, follow, max-snippet:-1, max-image-preview:large, max-video-preview:-1\" \/>\n<link rel=\"canonical\" href=\"https:\/\/voile-escalade.com\/vertigoblue\/vela-escalada\/el-nacimiento-de-vertigoblue\/\" \/>\n<meta property=\"og:locale\" content=\"es_ES\" \/>\n<meta property=\"og:type\" content=\"article\" \/>\n<meta property=\"og:title\" content=\"El nacimiento de Vertigoblue - Vela y escalada en Mediterraneo\" \/>\n<meta property=\"og:description\" content=\"\u00a0 \u00a0 &quot;La idea de Vertigo Blue empieza a tomar forma hace varios a\u00f1os, durante mi primera experiencia de navegaci\u00f3n.Estaba navegando con un buen amigo en su Arpege durante ya quince d\u00edas, saliendo de Sicilia y dirigi\u00e9ndonos a Barcelona, haciendo escala en Cerde\u00f1a y las Baleares. Cuando llegamos a la isla de Menorca, en una [&hellip;]\" \/>\n<meta property=\"og:url\" content=\"https:\/\/voile-escalade.com\/vertigoblue\/vela-escalada\/el-nacimiento-de-vertigoblue\/\" \/>\n<meta property=\"og:site_name\" content=\"Vela y escalada en Mediterraneo\" \/>\n<meta property=\"article:published_time\" content=\"2022-02-15T16:43:29+00:00\" \/>\n<meta property=\"article:modified_time\" content=\"2022-02-15T16:43:32+00:00\" \/>\n<meta property=\"og:image\" content=\"https:\/\/voile-escalade.com\/vertigoblue\/vela-escalada\/wp-content\/uploads\/sites\/4\/2019\/12\/vertigo-blue-sardaigne-voilier-mouillage-mer-montagne.jpg\" \/>\n\t<meta property=\"og:image:width\" content=\"1920\" \/>\n\t<meta property=\"og:image:height\" content=\"1280\" \/>\n\t<meta property=\"og:image:type\" content=\"image\/jpeg\" \/>\n<meta name=\"author\" content=\"Sarah Marquina\" \/>\n<meta name=\"twitter:card\" content=\"summary_large_image\" \/>\n<meta name=\"twitter:label1\" content=\"Escrito por\" \/>\n\t<meta name=\"twitter:data1\" content=\"Sarah Marquina\" \/>\n\t<meta name=\"twitter:label2\" content=\"Tiempo de lectura\" \/>\n\t<meta name=\"twitter:data2\" content=\"1 minuto\" \/>\n<script type=\"application\/ld+json\" class=\"yoast-schema-graph\">{\"@context\":\"https:\/\/schema.org\",\"@graph\":[{\"@type\":\"WebPage\",\"@id\":\"https:\/\/voile-escalade.com\/vertigoblue\/vela-escalada\/el-nacimiento-de-vertigoblue\/\",\"url\":\"https:\/\/voile-escalade.com\/vertigoblue\/vela-escalada\/el-nacimiento-de-vertigoblue\/\",\"name\":\"El nacimiento de Vertigoblue - Vela y escalada en Mediterraneo\",\"isPartOf\":{\"@id\":\"https:\/\/voile-escalade.com\/vertigoblue\/vela-escalada\/#website\"},\"datePublished\":\"2022-02-15T16:43:29+00:00\",\"dateModified\":\"2022-02-15T16:43:32+00:00\",\"author\":{\"@id\":\"https:\/\/voile-escalade.com\/vertigoblue\/vela-escalada\/#\/schema\/person\/76b73d0fbc6bdf5c520695dfe018c77f\"},\"breadcrumb\":{\"@id\":\"https:\/\/voile-escalade.com\/vertigoblue\/vela-escalada\/el-nacimiento-de-vertigoblue\/#breadcrumb\"},\"inLanguage\":\"es\",\"potentialAction\":[{\"@type\":\"ReadAction\",\"target\":[\"https:\/\/voile-escalade.com\/vertigoblue\/vela-escalada\/el-nacimiento-de-vertigoblue\/\"]}]},{\"@type\":\"BreadcrumbList\",\"@id\":\"https:\/\/voile-escalade.com\/vertigoblue\/vela-escalada\/el-nacimiento-de-vertigoblue\/#breadcrumb\",\"itemListElement\":[{\"@type\":\"ListItem\",\"position\":1,\"name\":\"Accueil\",\"item\":\"https:\/\/voile-escalade.com\/vertigoblue\/vela-escalada\/\"},{\"@type\":\"ListItem\",\"position\":2,\"name\":\"El nacimiento de Vertigoblue\"}]},{\"@type\":\"WebSite\",\"@id\":\"https:\/\/voile-escalade.com\/vertigoblue\/vela-escalada\/#website\",\"url\":\"https:\/\/voile-escalade.com\/vertigoblue\/vela-escalada\/\",\"name\":\"Vela y escalada en Mediterraneo\",\"description\":\"Viajes deportivos vela y escalada\",\"potentialAction\":[{\"@type\":\"SearchAction\",\"target\":{\"@type\":\"EntryPoint\",\"urlTemplate\":\"https:\/\/voile-escalade.com\/vertigoblue\/vela-escalada\/?s={search_term_string}\"},\"query-input\":\"required name=search_term_string\"}],\"inLanguage\":\"es\"},{\"@type\":\"Person\",\"@id\":\"https:\/\/voile-escalade.com\/vertigoblue\/vela-escalada\/#\/schema\/person\/76b73d0fbc6bdf5c520695dfe018c77f\",\"name\":\"Sarah Marquina\",\"image\":{\"@type\":\"ImageObject\",\"inLanguage\":\"es\",\"@id\":\"https:\/\/voile-escalade.com\/vertigoblue\/vela-escalada\/#\/schema\/person\/image\/\",\"url\":\"https:\/\/secure.gravatar.com\/avatar\/b567f434b680b14edfffa0852edb74d7?s=96&d=mm&r=g\",\"contentUrl\":\"https:\/\/secure.gravatar.com\/avatar\/b567f434b680b14edfffa0852edb74d7?s=96&d=mm&r=g\",\"caption\":\"Sarah Marquina\"},\"sameAs\":[\"http:\/\/vertigoblue.fr\"],\"url\":\"https:\/\/voile-escalade.com\/vertigoblue\/vela-escalada\/author\/ad02_5864-_45vvv-eee12\/\"}]}<\/script>\n<!-- \/ Yoast SEO plugin. -->","yoast_head_json":{"title":"El nacimiento de Vertigoblue - Vela y escalada en Mediterraneo","robots":{"index":"index","follow":"follow","max-snippet":"max-snippet:-1","max-image-preview":"max-image-preview:large","max-video-preview":"max-video-preview:-1"},"canonical":"https:\/\/voile-escalade.com\/vertigoblue\/vela-escalada\/el-nacimiento-de-vertigoblue\/","og_locale":"es_ES","og_type":"article","og_title":"El nacimiento de Vertigoblue - Vela y escalada en Mediterraneo","og_description":"\u00a0 \u00a0 \"La idea de Vertigo Blue empieza a tomar forma hace varios a\u00f1os, durante mi primera experiencia de navegaci\u00f3n.Estaba navegando con un buen amigo en su Arpege durante ya quince d\u00edas, saliendo de Sicilia y dirigi\u00e9ndonos a Barcelona, haciendo escala en Cerde\u00f1a y las Baleares. Cuando llegamos a la isla de Menorca, en una [&hellip;]","og_url":"https:\/\/voile-escalade.com\/vertigoblue\/vela-escalada\/el-nacimiento-de-vertigoblue\/","og_site_name":"Vela y escalada en Mediterraneo","article_published_time":"2022-02-15T16:43:29+00:00","article_modified_time":"2022-02-15T16:43:32+00:00","og_image":[{"width":1920,"height":1280,"url":"https:\/\/voile-escalade.com\/vertigoblue\/vela-escalada\/wp-content\/uploads\/sites\/4\/2019\/12\/vertigo-blue-sardaigne-voilier-mouillage-mer-montagne.jpg","type":"image\/jpeg"}],"author":"Sarah Marquina","twitter_card":"summary_large_image","twitter_misc":{"Escrito por":"Sarah Marquina","Tiempo de lectura":"1 minuto"},"schema":{"@context":"https:\/\/schema.org","@graph":[{"@type":"WebPage","@id":"https:\/\/voile-escalade.com\/vertigoblue\/vela-escalada\/el-nacimiento-de-vertigoblue\/","url":"https:\/\/voile-escalade.com\/vertigoblue\/vela-escalada\/el-nacimiento-de-vertigoblue\/","name":"El nacimiento de Vertigoblue - Vela y escalada en Mediterraneo","isPartOf":{"@id":"https:\/\/voile-escalade.com\/vertigoblue\/vela-escalada\/#website"},"datePublished":"2022-02-15T16:43:29+00:00","dateModified":"2022-02-15T16:43:32+00:00","author":{"@id":"https:\/\/voile-escalade.com\/vertigoblue\/vela-escalada\/#\/schema\/person\/76b73d0fbc6bdf5c520695dfe018c77f"},"breadcrumb":{"@id":"https:\/\/voile-escalade.com\/vertigoblue\/vela-escalada\/el-nacimiento-de-vertigoblue\/#breadcrumb"},"inLanguage":"es","potentialAction":[{"@type":"ReadAction","target":["https:\/\/voile-escalade.com\/vertigoblue\/vela-escalada\/el-nacimiento-de-vertigoblue\/"]}]},{"@type":"BreadcrumbList","@id":"https:\/\/voile-escalade.com\/vertigoblue\/vela-escalada\/el-nacimiento-de-vertigoblue\/#breadcrumb","itemListElement":[{"@type":"ListItem","position":1,"name":"Accueil","item":"https:\/\/voile-escalade.com\/vertigoblue\/vela-escalada\/"},{"@type":"ListItem","position":2,"name":"El nacimiento de Vertigoblue"}]},{"@type":"WebSite","@id":"https:\/\/voile-escalade.com\/vertigoblue\/vela-escalada\/#website","url":"https:\/\/voile-escalade.com\/vertigoblue\/vela-escalada\/","name":"Vela y escalada en Mediterraneo","description":"Viajes deportivos vela y escalada","potentialAction":[{"@type":"SearchAction","target":{"@type":"EntryPoint","urlTemplate":"https:\/\/voile-escalade.com\/vertigoblue\/vela-escalada\/?s={search_term_string}"},"query-input":"required name=search_term_string"}],"inLanguage":"es"},{"@type":"Person","@id":"https:\/\/voile-escalade.com\/vertigoblue\/vela-escalada\/#\/schema\/person\/76b73d0fbc6bdf5c520695dfe018c77f","name":"Sarah Marquina","image":{"@type":"ImageObject","inLanguage":"es","@id":"https:\/\/voile-escalade.com\/vertigoblue\/vela-escalada\/#\/schema\/person\/image\/","url":"https:\/\/secure.gravatar.com\/avatar\/b567f434b680b14edfffa0852edb74d7?s=96&d=mm&r=g","contentUrl":"https:\/\/secure.gravatar.com\/avatar\/b567f434b680b14edfffa0852edb74d7?s=96&d=mm&r=g","caption":"Sarah Marquina"},"sameAs":["http:\/\/vertigoblue.fr"],"url":"https:\/\/voile-escalade.com\/vertigoblue\/vela-escalada\/author\/ad02_5864-_45vvv-eee12\/"}]}},"_links":{"self":[{"href":"https:\/\/voile-escalade.com\/vertigoblue\/vela-escalada\/wp-json\/wp\/v2\/posts\/1304"}],"collection":[{"href":"https:\/\/voile-escalade.com\/vertigoblue\/vela-escalada\/wp-json\/wp\/v2\/posts"}],"about":[{"href":"https:\/\/voile-escalade.com\/vertigoblue\/vela-escalada\/wp-json\/wp\/v2\/types\/post"}],"author":[{"embeddable":true,"href":"https:\/\/voile-escalade.com\/vertigoblue\/vela-escalada\/wp-json\/wp\/v2\/users\/2"}],"replies":[{"embeddable":true,"href":"https:\/\/voile-escalade.com\/vertigoblue\/vela-escalada\/wp-json\/wp\/v2\/comments?post=1304"}],"version-history":[{"count":7,"href":"https:\/\/voile-escalade.com\/vertigoblue\/vela-escalada\/wp-json\/wp\/v2\/posts\/1304\/revisions"}],"predecessor-version":[{"id":1312,"href":"https:\/\/voile-escalade.com\/vertigoblue\/vela-escalada\/wp-json\/wp\/v2\/posts\/1304\/revisions\/1312"}],"wp:featuredmedia":[{"embeddable":true,"href":"https:\/\/voile-escalade.com\/vertigoblue\/vela-escalada\/wp-json\/wp\/v2\/media\/190"}],"wp:attachment":[{"href":"https:\/\/voile-escalade.com\/vertigoblue\/vela-escalada\/wp-json\/wp\/v2\/media?parent=1304"}],"wp:term":[{"taxonomy":"category","embeddable":true,"href":"https:\/\/voile-escalade.com\/vertigoblue\/vela-escalada\/wp-json\/wp\/v2\/categories?post=1304"},{"taxonomy":"post_tag","embeddable":true,"href":"https:\/\/voile-escalade.com\/vertigoblue\/vela-escalada\/wp-json\/wp\/v2\/tags?post=1304"}],"curies":[{"name":"wp","href":"https:\/\/api.w.org\/{rel}","templated":true}]}}