{"id":1271,"date":"2022-02-15T17:03:55","date_gmt":"2022-02-15T16:03:55","guid":{"rendered":"https:\/\/voile-escalade.com\/vertigoblue\/vela-escalada\/?p=1271"},"modified":"2022-02-15T17:05:45","modified_gmt":"2022-02-15T16:05:45","slug":"vuelta-a-cerdena","status":"publish","type":"post","link":"https:\/\/voile-escalade.com\/vertigoblue\/vela-escalada\/vuelta-a-cerdena\/","title":{"rendered":"Vuelta a Cerde\u00f1a"},"content":{"rendered":"<p>[et_pb_section fb_built=\u00bb1&#8243; _builder_version=\u00bb3.22&#8243; top_divider_height=\u00bb60px\u00bb][et_pb_row _builder_version=\u00bb3.25&#8243; background_size=\u00bbinitial\u00bb background_position=\u00bbtop_left\u00bb background_repeat=\u00bbrepeat\u00bb][et_pb_column type=\u00bb4_4&#8243; _builder_version=\u00bb3.25&#8243; custom_padding=\u00bb|||\u00bb custom_padding__hover=\u00bb|||\u00bb][et_pb_text _builder_version=\u00bb4.3.4&#8243; background_size=\u00bbinitial\u00bb background_position=\u00bbtop_left\u00bb background_repeat=\u00bbrepeat\u00bb]<\/p>\n<div class=\"kvgmc6g5 cxmmr5t8 oygrvhab hcukyx3x c1et5uql ii04i59q\">\n<div dir=\"auto\">\n<p>Cerde\u00f1a, octubre de 2021<\/p>\n<p>Mientras que los skyppers de la minitransat se refugiaban en los puertos espa\u00f1oles, nosotros intent\u00e1bamos salvar el culo en la costa sarda&#8230;<\/p>\n<p>algunos bellos momentos de navegaci\u00f3n robados a la caprichosa m\u00e9teo, entre tormentas y vendavales, una noche fondeados a solas en el mundo, excursiones en las alturas de Cerde\u00f1a, una introducci\u00f3n al windsurf, algunos aperitivos, \u00a1y mucha gastronom\u00eda local!<\/p>\n<\/div>\n<\/div>\n<div class=\"o9v6fnle cxmmr5t8 oygrvhab hcukyx3x c1et5uql ii04i59q\">\u00a0<\/div>\n<p><!-- \/wp:paragraph --><\/p>\n<p>[\/et_pb_text][et_pb_gallery gallery_ids=\u00bb1274,1275,1276,1277,1278,1279,1280,1281,1282,1283,1284,1285,1286,1287,1288,1289,1290,1291,1292,1293,1294,1295,1296,1297&#8243; fullwidth=\u00bbon\u00bb _builder_version=\u00bb4.3.4&#8243; background_color=\u00bb#ffffff\u00bb animation_style=\u00bbslide\u00bb][\/et_pb_gallery][\/et_pb_column][\/et_pb_row][\/et_pb_section]<\/p>\n","protected":false},"excerpt":{"rendered":"<p>Cerde\u00f1a, octubre de 2021 Mientras que los skyppers de la minitransat se refugiaban en los puertos espa\u00f1oles, nosotros intent\u00e1bamos salvar el culo en la costa sarda&#8230; algunos bellos momentos de navegaci\u00f3n robados a la caprichosa m\u00e9teo, entre tormentas y vendavales, una noche fondeados a solas en el mundo, excursiones en las alturas de Cerde\u00f1a, una [&hellip;]<\/p>\n","protected":false},"author":2,"featured_media":1275,"comment_status":"open","ping_status":"open","sticky":false,"template":"","format":"standard","meta":{"_et_pb_use_builder":"on","_et_pb_old_content":"","_et_gb_content_width":""},"categories":[1],"tags":[],"yoast_head":"<!-- This site is optimized with the Yoast SEO plugin v20.2.1 - https:\/\/yoast.com\/wordpress\/plugins\/seo\/ -->\n<title>Vuelta a Cerde\u00f1a - Vela y escalada en Mediterraneo<\/title>\n<meta name=\"robots\" content=\"index, follow, max-snippet:-1, max-image-preview:large, max-video-preview:-1\" \/>\n<link rel=\"canonical\" href=\"https:\/\/voile-escalade.com\/vertigoblue\/vela-escalada\/vuelta-a-cerdena\/\" \/>\n<meta property=\"og:locale\" content=\"es_ES\" \/>\n<meta property=\"og:type\" content=\"article\" \/>\n<meta property=\"og:title\" content=\"Vuelta a Cerde\u00f1a - Vela y escalada en Mediterraneo\" \/>\n<meta property=\"og:description\" content=\"Cerde\u00f1a, octubre de 2021 Mientras que los skyppers de la minitransat se refugiaban en los puertos espa\u00f1oles, nosotros intent\u00e1bamos salvar el culo en la costa sarda... algunos bellos momentos de navegaci\u00f3n robados a la caprichosa m\u00e9teo, entre tormentas y vendavales, una noche fondeados a solas en el mundo, excursiones en las alturas de Cerde\u00f1a, una [&hellip;]\" \/>\n<meta property=\"og:url\" content=\"https:\/\/voile-escalade.com\/vertigoblue\/vela-escalada\/vuelta-a-cerdena\/\" \/>\n<meta property=\"og:site_name\" content=\"Vela y escalada en Mediterraneo\" \/>\n<meta property=\"article:published_time\" content=\"2022-02-15T16:03:55+00:00\" \/>\n<meta property=\"article:modified_time\" content=\"2022-02-15T16:05:45+00:00\" \/>\n<meta property=\"og:image\" content=\"https:\/\/voile-escalade.com\/vertigoblue\/vela-escalada\/wp-content\/uploads\/sites\/4\/2022\/02\/\u00e9quipage-de-pendilles-.jpg\" \/>\n\t<meta property=\"og:image:width\" content=\"800\" \/>\n\t<meta property=\"og:image:height\" content=\"600\" \/>\n\t<meta property=\"og:image:type\" content=\"image\/jpeg\" \/>\n<meta name=\"author\" content=\"Sarah Marquina\" \/>\n<meta name=\"twitter:card\" content=\"summary_large_image\" \/>\n<meta name=\"twitter:label1\" content=\"Escrito por\" \/>\n\t<meta name=\"twitter:data1\" content=\"Sarah Marquina\" \/>\n\t<meta name=\"twitter:label2\" content=\"Tiempo de lectura\" \/>\n\t<meta name=\"twitter:data2\" content=\"1 minuto\" \/>\n<script type=\"application\/ld+json\" class=\"yoast-schema-graph\">{\"@context\":\"https:\/\/schema.org\",\"@graph\":[{\"@type\":\"WebPage\",\"@id\":\"https:\/\/voile-escalade.com\/vertigoblue\/vela-escalada\/vuelta-a-cerdena\/\",\"url\":\"https:\/\/voile-escalade.com\/vertigoblue\/vela-escalada\/vuelta-a-cerdena\/\",\"name\":\"Vuelta a Cerde\u00f1a - Vela y escalada en Mediterraneo\",\"isPartOf\":{\"@id\":\"https:\/\/voile-escalade.com\/vertigoblue\/vela-escalada\/#website\"},\"datePublished\":\"2022-02-15T16:03:55+00:00\",\"dateModified\":\"2022-02-15T16:05:45+00:00\",\"author\":{\"@id\":\"https:\/\/voile-escalade.com\/vertigoblue\/vela-escalada\/#\/schema\/person\/76b73d0fbc6bdf5c520695dfe018c77f\"},\"breadcrumb\":{\"@id\":\"https:\/\/voile-escalade.com\/vertigoblue\/vela-escalada\/vuelta-a-cerdena\/#breadcrumb\"},\"inLanguage\":\"es\",\"potentialAction\":[{\"@type\":\"ReadAction\",\"target\":[\"https:\/\/voile-escalade.com\/vertigoblue\/vela-escalada\/vuelta-a-cerdena\/\"]}]},{\"@type\":\"BreadcrumbList\",\"@id\":\"https:\/\/voile-escalade.com\/vertigoblue\/vela-escalada\/vuelta-a-cerdena\/#breadcrumb\",\"itemListElement\":[{\"@type\":\"ListItem\",\"position\":1,\"name\":\"Accueil\",\"item\":\"https:\/\/voile-escalade.com\/vertigoblue\/vela-escalada\/\"},{\"@type\":\"ListItem\",\"position\":2,\"name\":\"Vuelta a Cerde\u00f1a\"}]},{\"@type\":\"WebSite\",\"@id\":\"https:\/\/voile-escalade.com\/vertigoblue\/vela-escalada\/#website\",\"url\":\"https:\/\/voile-escalade.com\/vertigoblue\/vela-escalada\/\",\"name\":\"Vela y escalada en Mediterraneo\",\"description\":\"Viajes deportivos vela y escalada\",\"potentialAction\":[{\"@type\":\"SearchAction\",\"target\":{\"@type\":\"EntryPoint\",\"urlTemplate\":\"https:\/\/voile-escalade.com\/vertigoblue\/vela-escalada\/?s={search_term_string}\"},\"query-input\":\"required name=search_term_string\"}],\"inLanguage\":\"es\"},{\"@type\":\"Person\",\"@id\":\"https:\/\/voile-escalade.com\/vertigoblue\/vela-escalada\/#\/schema\/person\/76b73d0fbc6bdf5c520695dfe018c77f\",\"name\":\"Sarah Marquina\",\"image\":{\"@type\":\"ImageObject\",\"inLanguage\":\"es\",\"@id\":\"https:\/\/voile-escalade.com\/vertigoblue\/vela-escalada\/#\/schema\/person\/image\/\",\"url\":\"https:\/\/secure.gravatar.com\/avatar\/b567f434b680b14edfffa0852edb74d7?s=96&d=mm&r=g\",\"contentUrl\":\"https:\/\/secure.gravatar.com\/avatar\/b567f434b680b14edfffa0852edb74d7?s=96&d=mm&r=g\",\"caption\":\"Sarah Marquina\"},\"sameAs\":[\"http:\/\/vertigoblue.fr\"],\"url\":\"https:\/\/voile-escalade.com\/vertigoblue\/vela-escalada\/author\/ad02_5864-_45vvv-eee12\/\"}]}<\/script>\n<!-- \/ Yoast SEO plugin. -->","yoast_head_json":{"title":"Vuelta a Cerde\u00f1a - Vela y escalada en Mediterraneo","robots":{"index":"index","follow":"follow","max-snippet":"max-snippet:-1","max-image-preview":"max-image-preview:large","max-video-preview":"max-video-preview:-1"},"canonical":"https:\/\/voile-escalade.com\/vertigoblue\/vela-escalada\/vuelta-a-cerdena\/","og_locale":"es_ES","og_type":"article","og_title":"Vuelta a Cerde\u00f1a - Vela y escalada en Mediterraneo","og_description":"Cerde\u00f1a, octubre de 2021 Mientras que los skyppers de la minitransat se refugiaban en los puertos espa\u00f1oles, nosotros intent\u00e1bamos salvar el culo en la costa sarda... algunos bellos momentos de navegaci\u00f3n robados a la caprichosa m\u00e9teo, entre tormentas y vendavales, una noche fondeados a solas en el mundo, excursiones en las alturas de Cerde\u00f1a, una [&hellip;]","og_url":"https:\/\/voile-escalade.com\/vertigoblue\/vela-escalada\/vuelta-a-cerdena\/","og_site_name":"Vela y escalada en Mediterraneo","article_published_time":"2022-02-15T16:03:55+00:00","article_modified_time":"2022-02-15T16:05:45+00:00","og_image":[{"width":800,"height":600,"url":"https:\/\/voile-escalade.com\/vertigoblue\/vela-escalada\/wp-content\/uploads\/sites\/4\/2022\/02\/\u00e9quipage-de-pendilles-.jpg","type":"image\/jpeg"}],"author":"Sarah Marquina","twitter_card":"summary_large_image","twitter_misc":{"Escrito por":"Sarah Marquina","Tiempo de lectura":"1 minuto"},"schema":{"@context":"https:\/\/schema.org","@graph":[{"@type":"WebPage","@id":"https:\/\/voile-escalade.com\/vertigoblue\/vela-escalada\/vuelta-a-cerdena\/","url":"https:\/\/voile-escalade.com\/vertigoblue\/vela-escalada\/vuelta-a-cerdena\/","name":"Vuelta a Cerde\u00f1a - Vela y escalada en Mediterraneo","isPartOf":{"@id":"https:\/\/voile-escalade.com\/vertigoblue\/vela-escalada\/#website"},"datePublished":"2022-02-15T16:03:55+00:00","dateModified":"2022-02-15T16:05:45+00:00","author":{"@id":"https:\/\/voile-escalade.com\/vertigoblue\/vela-escalada\/#\/schema\/person\/76b73d0fbc6bdf5c520695dfe018c77f"},"breadcrumb":{"@id":"https:\/\/voile-escalade.com\/vertigoblue\/vela-escalada\/vuelta-a-cerdena\/#breadcrumb"},"inLanguage":"es","potentialAction":[{"@type":"ReadAction","target":["https:\/\/voile-escalade.com\/vertigoblue\/vela-escalada\/vuelta-a-cerdena\/"]}]},{"@type":"BreadcrumbList","@id":"https:\/\/voile-escalade.com\/vertigoblue\/vela-escalada\/vuelta-a-cerdena\/#breadcrumb","itemListElement":[{"@type":"ListItem","position":1,"name":"Accueil","item":"https:\/\/voile-escalade.com\/vertigoblue\/vela-escalada\/"},{"@type":"ListItem","position":2,"name":"Vuelta a Cerde\u00f1a"}]},{"@type":"WebSite","@id":"https:\/\/voile-escalade.com\/vertigoblue\/vela-escalada\/#website","url":"https:\/\/voile-escalade.com\/vertigoblue\/vela-escalada\/","name":"Vela y escalada en Mediterraneo","description":"Viajes deportivos vela y escalada","potentialAction":[{"@type":"SearchAction","target":{"@type":"EntryPoint","urlTemplate":"https:\/\/voile-escalade.com\/vertigoblue\/vela-escalada\/?s={search_term_string}"},"query-input":"required name=search_term_string"}],"inLanguage":"es"},{"@type":"Person","@id":"https:\/\/voile-escalade.com\/vertigoblue\/vela-escalada\/#\/schema\/person\/76b73d0fbc6bdf5c520695dfe018c77f","name":"Sarah Marquina","image":{"@type":"ImageObject","inLanguage":"es","@id":"https:\/\/voile-escalade.com\/vertigoblue\/vela-escalada\/#\/schema\/person\/image\/","url":"https:\/\/secure.gravatar.com\/avatar\/b567f434b680b14edfffa0852edb74d7?s=96&d=mm&r=g","contentUrl":"https:\/\/secure.gravatar.com\/avatar\/b567f434b680b14edfffa0852edb74d7?s=96&d=mm&r=g","caption":"Sarah Marquina"},"sameAs":["http:\/\/vertigoblue.fr"],"url":"https:\/\/voile-escalade.com\/vertigoblue\/vela-escalada\/author\/ad02_5864-_45vvv-eee12\/"}]}},"_links":{"self":[{"href":"https:\/\/voile-escalade.com\/vertigoblue\/vela-escalada\/wp-json\/wp\/v2\/posts\/1271"}],"collection":[{"href":"https:\/\/voile-escalade.com\/vertigoblue\/vela-escalada\/wp-json\/wp\/v2\/posts"}],"about":[{"href":"https:\/\/voile-escalade.com\/vertigoblue\/vela-escalada\/wp-json\/wp\/v2\/types\/post"}],"author":[{"embeddable":true,"href":"https:\/\/voile-escalade.com\/vertigoblue\/vela-escalada\/wp-json\/wp\/v2\/users\/2"}],"replies":[{"embeddable":true,"href":"https:\/\/voile-escalade.com\/vertigoblue\/vela-escalada\/wp-json\/wp\/v2\/comments?post=1271"}],"version-history":[{"count":7,"href":"https:\/\/voile-escalade.com\/vertigoblue\/vela-escalada\/wp-json\/wp\/v2\/posts\/1271\/revisions"}],"predecessor-version":[{"id":1303,"href":"https:\/\/voile-escalade.com\/vertigoblue\/vela-escalada\/wp-json\/wp\/v2\/posts\/1271\/revisions\/1303"}],"wp:featuredmedia":[{"embeddable":true,"href":"https:\/\/voile-escalade.com\/vertigoblue\/vela-escalada\/wp-json\/wp\/v2\/media\/1275"}],"wp:attachment":[{"href":"https:\/\/voile-escalade.com\/vertigoblue\/vela-escalada\/wp-json\/wp\/v2\/media?parent=1271"}],"wp:term":[{"taxonomy":"category","embeddable":true,"href":"https:\/\/voile-escalade.com\/vertigoblue\/vela-escalada\/wp-json\/wp\/v2\/categories?post=1271"},{"taxonomy":"post_tag","embeddable":true,"href":"https:\/\/voile-escalade.com\/vertigoblue\/vela-escalada\/wp-json\/wp\/v2\/tags?post=1271"}],"curies":[{"name":"wp","href":"https:\/\/api.w.org\/{rel}","templated":true}]}}