{"id":1261,"date":"2022-02-15T16:39:18","date_gmt":"2022-02-15T15:39:18","guid":{"rendered":"https:\/\/voile-escalade.com\/vertigoblue\/vela-escalada\/?p=1261"},"modified":"2022-02-15T16:50:45","modified_gmt":"2022-02-15T15:50:45","slug":"programa-2022","status":"publish","type":"post","link":"https:\/\/voile-escalade.com\/vertigoblue\/vela-escalada\/programa-2022\/","title":{"rendered":"Programa 2022"},"content":{"rendered":"<p>[et_pb_section fb_built=\u00bb1&#8243; _builder_version=\u00bb3.22&#8243; top_divider_height=\u00bb60px\u00bb locked=\u00bboff\u00bb][et_pb_row _builder_version=\u00bb3.25&#8243; background_size=\u00bbinitial\u00bb background_position=\u00bbtop_left\u00bb background_repeat=\u00bbrepeat\u00bb][et_pb_column type=\u00bb4_4&#8243; _builder_version=\u00bb3.25&#8243; custom_padding=\u00bb|||\u00bb custom_padding__hover=\u00bb|||\u00bb][et_pb_text _builder_version=\u00bb4.3.4&#8243; background_size=\u00bbinitial\u00bb background_position=\u00bbtop_left\u00bb background_repeat=\u00bbrepeat\u00bb]<\/p>\n<div class=\"kvgmc6g5 cxmmr5t8 oygrvhab hcukyx3x c1et5uql ii04i59q\">\n<div dir=\"auto\">\n<div class=\"kvgmc6g5 cxmmr5t8 oygrvhab hcukyx3x c1et5uql ii04i59q\">\n<div dir=\"auto\">\u00a0<\/div>\n<div dir=\"auto\">\u00a0<\/div>\n<\/div>\n<\/div>\n<\/div>\n<table role=\"presentation\" border=\"0\" width=\"100%\" cellspacing=\"0\" cellpadding=\"0\">\n<tbody>\n<tr>\n<td class=\"m_-7807325749239029935r14-c\" align=\"left\">\n<table class=\"m_-7807325749239029935r15-o\" role=\"presentation\" border=\"0\" width=\"100%\" cellspacing=\"0\" cellpadding=\"0\">\n<tbody>\n<tr>\n<td class=\"m_-7807325749239029935r20-i m_-7807325749239029935nl2go-default-textstyle\" align=\"left\" valign=\"top\">\n<div>\n<h2 class=\"m_-7807325749239029935default-heading2\">Destinos y estancias<\/h2>\n<\/div>\n<\/td>\n<\/tr>\n<\/tbody>\n<\/table>\n<\/td>\n<\/tr>\n<tr>\n<td class=\"m_-7807325749239029935r14-c\" align=\"left\">\n<table class=\"m_-7807325749239029935r15-o\" role=\"presentation\" border=\"0\" width=\"100%\" cellspacing=\"0\" cellpadding=\"0\">\n<tbody>\n<tr class=\"m_-7807325749239029935nl2go-responsive-hide\">\n<td height=\"15\">\u00ad<\/td>\n<\/tr>\n<tr>\n<td class=\"m_-7807325749239029935r21-i m_-7807325749239029935nl2go-default-textstyle\" align=\"left\" valign=\"top\">\n<div>\n<p>La temporada 2021 ha llegado a su fin. A pesar de otro a\u00f1o de incertidumbre y de proyectos aplazados, ha sido un a\u00f1o de realizaci\u00f3n para V\u00e9rtigo Blue: muchos encuentros, la consolidaci\u00f3n de colaboraciones iniciadas en 2020 y, sobre todo, \u00a1las primeras salidas!<\/p>\n<\/div>\n<\/td>\n<\/tr>\n<tr class=\"m_-7807325749239029935nl2go-responsive-hide\">\n<td height=\"15\">\u00ad<\/td>\n<\/tr>\n<\/tbody>\n<\/table>\n<\/td>\n<\/tr>\n<tr>\n<td class=\"m_-7807325749239029935r14-c\" align=\"left\">\n<table class=\"m_-7807325749239029935r15-o\" role=\"presentation\" border=\"0\" width=\"100%\" cellspacing=\"0\" cellpadding=\"0\">\n<tbody>\n<tr class=\"m_-7807325749239029935nl2go-responsive-hide\">\n<td height=\"15\">\u00ad<\/td>\n<\/tr>\n<tr>\n<td class=\"m_-7807325749239029935r21-i m_-7807325749239029935nl2go-default-textstyle\" align=\"left\" valign=\"top\">\n<div>\n<p>Por lo tanto, nos estamos preparando para 2022 con una buena dosis de energ\u00eda positiva.<\/p>\n<p>En el orden del d\u00eda:<\/p>\n<p>&nbsp;<\/p>\n<ul>\n<li>En <strong>marzo, navegaci\u00f3n y escalada en el Golfo Arg\u00f3lico<\/strong> en Grecia, en colaboraci\u00f3n con <a title=\"Vertikal Voyages\" href=\"https:\/\/4ts9j.r.bh.d.sendibt3.com\/mk\/cl\/f\/NivN8h4W8w91L54BKbEsVfq_eX3ByKEhwOxWc3FF94Ioitd57HjgBMFIM0-NUQxpiC6AvWvhmJfEX1kyVlqzLzaCAS0TNulU-BEw6IyPJy0x5bW5kN-Tmck9u6y-8jK8LUod0QQTCASLndSIiGO4Gal5j0j3a9njKKBydWvxIpb9TErQtDsNczDVdJLioq8OMZqT\" target=\"_blank\" rel=\"noopener noreferrer\" data-saferedirecturl=\"https:\/\/www.google.com\/url?q=https:\/\/4ts9j.r.bh.d.sendibt3.com\/mk\/cl\/f\/NivN8h4W8w91L54BKbEsVfq_eX3ByKEhwOxWc3FF94Ioitd57HjgBMFIM0-NUQxpiC6AvWvhmJfEX1kyVlqzLzaCAS0TNulU-BEw6IyPJy0x5bW5kN-Tmck9u6y-8jK8LUod0QQTCASLndSIiGO4Gal5j0j3a9njKKBydWvxIpb9TErQtDsNczDVdJLioq8OMZqT&amp;source=gmail&amp;ust=1636997050123000&amp;usg=AOvVaw32iaNmHYDRAw26arAaJDNa\">Vertikal Voyages<\/a><\/li>\n<\/ul>\n<p>&nbsp;<\/p>\n<ul>\n<li><strong>En abril y octubre,<\/strong> viajes de <strong>navegaci\u00f3n y escalada en Cerde\u00f1a<\/strong>, en colaboraci\u00f3n con <a title=\"Vertikal Voyages\" href=\"https:\/\/4ts9j.r.bh.d.sendibt3.com\/mk\/cl\/f\/NivN8h4W8w91L54BKbEsVfq_eX3ByKEhwOxWc3FF94Ioitd57HjgBMFIM0-NUQxpiC6AvWvhmJfEX1kyVlqzLzaCAS0TNulU-BEw6IyPJy0x5bW5kN-Tmck9u6y-8jK8LUod0QQTCASLndSIiGO4Gal5j0j3a9njKKBydWvxIpb9TErQtDsNczDVdJLioq8OMZqT\" target=\"_blank\" rel=\"noopener noreferrer\" data-saferedirecturl=\"https:\/\/www.google.com\/url?q=https:\/\/4ts9j.r.bh.d.sendibt3.com\/mk\/cl\/f\/NivN8h4W8w91L54BKbEsVfq_eX3ByKEhwOxWc3FF94Ioitd57HjgBMFIM0-NUQxpiC6AvWvhmJfEX1kyVlqzLzaCAS0TNulU-BEw6IyPJy0x5bW5kN-Tmck9u6y-8jK8LUod0QQTCASLndSIiGO4Gal5j0j3a9njKKBydWvxIpb9TErQtDsNczDVdJLioq8OMZqT&amp;source=gmail&amp;ust=1636997050123000&amp;usg=AOvVaw32iaNmHYDRAw26arAaJDNa\">Vertikal Voyages<\/a> y\u00a0<a title=\"Roberto Pau\" href=\"https:\/\/www.instagram.com\/pau.roberto\/\" target=\"_blank\" rel=\"noopener noreferrer\" data-saferedirecturl=\"https:\/\/www.google.com\/url?q=https:\/\/4ts9j.r.bh.d.sendibt3.com\/mk\/cl\/f\/evnXnB2zyeRirstvvWwS5RlwvRWFdHkCk4LQSOmXX7cE3LZgZ4f4uDcojHBBnZdtkHcRlnKEy61wjI9tFxRa1e-oF32fV-SZFFdUMoUVvOKux6ODCHwlfrI9tnANis1UUY6GSXPWWxvWjr-RmKxVaQaWGJxk4cIen__fdLze5BkYQzmbgNw42cGJr2Pl2Q64reZRs67Sn2szs0gEBZS3&amp;source=gmail&amp;ust=1636997050123000&amp;usg=AOvVaw1DL4KNG7Alon2E7d77xkap\">Roberto Pau<\/a>. \u00a0Estancias disponibles de una o dos semanas.\u00a0<em>Informaci\u00f3n y reservas\u00a0<\/em><a title=\"cliquez ici pour r\u00e9server aupr\u00e8s de Vertikal Voyages\" href=\"https:\/\/vertikal-voyages.fr\/expeditions-escalade\/voile-escalade-en-sardaigne\/\" target=\"_blank\" rel=\"noopener noreferrer\" data-saferedirecturl=\"https:\/\/www.google.com\/url?q=https:\/\/4ts9j.r.bh.d.sendibt3.com\/mk\/cl\/f\/_ZeUoeKcYiY24gEipFbVaDGZURfSDNSU0IzALoBJZyJzOceqD8ZKazfaCU6lARyQt-U0FJ__PBBzPYOaRH6j-InPmHfFE9zN2X-BuRuc8xpjMb446d3eAil_fv_h2Z4434XTFQH9w7U-7m6wH7RgyLpo1n_GZhluqn9l6kw8o3RByCRrC9sc3P-AqloQEEvcyooDqR_4XNZcK3UH4YO1oki9lcj_bCF8KMZaL9OfLB34J2CXu5U4DelDfZiHh30vtCGbfivnZVs&amp;source=gmail&amp;ust=1636997050123000&amp;usg=AOvVaw0PJHroYM2jPa1zS78xgeO4\"><i>aqui<\/i><\/a><\/li>\n<\/ul>\n<p>&nbsp;<\/p>\n<ul>\n<li>En<strong> mayo<\/strong>, a petici\u00f3n de varios de ustedes, organizamos un <strong>curso de perfeccionamiento t\u00e9cnico en navegaci\u00f3n,<\/strong> con salida desde Marsella o un puerto cercano de la costa francesa. El objetivo principal de esta semana es proporcionarle una base s\u00f3lida en el manejo de un velero (conducci\u00f3n, maniobras, cartografia, gesti\u00f3n de la vida a bordo). Los objetivos concretos del curso se modular\u00e1n en funci\u00f3n del perfil de los participantes. <em>Informaci\u00f3n<\/em> <a href=\"https:\/\/voile-escalade.com\/vertigoblue\/stages-de-voile-mediterranee\/\">aqui<\/a>, para reservar su plaza, vaya <a title=\"cliquer ici pour nous faire une demande de r\u00e9servation par mail\" href=\"mailto:contact@vertigoblue.fr?subject=r%C3%A9servation%20stage%20de%20voile%20vertigo%20blue\" target=\"_blank\" rel=\"noopener noreferrer\">aqui<\/a><\/li>\n<\/ul>\n<p>&nbsp;<\/p>\n<ul>\n<li><i>De <strong>abril a octubre<\/strong>, organizaci\u00f3n de <strong>cursos\/estancias de vela, deporte y naturaleza a medida<\/strong>, seg\u00fan la demanda. Disponible desde <strong>Cerde\u00f1a, C\u00f3rcega, Marsella, Elba, Sicilia, Croacia<\/strong>&#8230; Informaci\u00f3n <\/i><a title=\"s\u00e9jours voile sport et nature\" href=\"https:\/\/voile-escalade.com\/vertigoblue\/voile-sport-et-nature\/\" target=\"_blank\" rel=\"noopener noreferrer\" data-saferedirecturl=\"https:\/\/www.google.com\/url?q=https:\/\/4ts9j.r.bh.d.sendibt3.com\/mk\/cl\/f\/tFkaaPhEqc0xh6rE1qb2FvQjCBrXemXP3pyjjUZiKi1fwi6UUtPC_rM5klBjqydNcHWot7cqikhPoDU1lMVH2fSfElOj9kzabq4D8B2e83N1PMx_xxcBiX5d3FyhynOA80b1PF_N28uGb2-jlaL_ppZApkzoX1B9lgVjL8FPJE8GHS7rFIgjBy0J4tMe3aLEThB3r91ghkZ2BSGp1os-bZhtySunhfVzrOa8CPYogyL9wpppyuWw_ztwLtwV_30&amp;source=gmail&amp;ust=1636997050123000&amp;usg=AOvVaw147ZwsFj6sRjxTJnZMNDdF\"><i>aqui<\/i><\/a><i>, contacte con nosotros por <\/i><a title=\"cliquer ici pour nous envoyer par mail votre demande personnalis\u00e9e\" href=\"mailto:contact@vertigoblue.fr?subject=r%C3%A9servation%20s%C3%A9jour%20voile%20sport%20nature%20sur%20mesure%20vertigo%20blue&amp;body=Merci%20de%20pr%C3%A9cisez%20au%20moins%20les%20informations%20suivantes%3A%0A%0A-%20Dates%2F%20p%C3%A9riode%3A%20%0A-%20Nombre%20de%20personnes%3A%0A-%20Adultes%2F%20enfants%20%3F%20%3A%20%0A-%20Destination.s%20envisag%C3%A9e.s%20%3A%20%0A-%20Description%20de%20vos%20attentes%3A%20quel%20type%20de%20s%C3%A9jour%20souhaitez%20vous%20organiser%20avec%20nous%3A%0A-%20toute%20autre%20info%20que%20vous%20souhaitez%20nous%20transmettre%3A\" target=\"_blank\" rel=\"noopener noreferrer\"><i>email<\/i><\/a><i> para reservar<\/i><\/li>\n<\/ul>\n<p>&nbsp;<\/p>\n<ul>\n<li><strong>En noviembre<\/strong> comenzar\u00e1n los viajes de<strong> navegaci\u00f3n y escalada en Grecia<\/strong>.\u00a0<em>M\u00e1s informaci\u00f3n en breve<\/em><\/li>\n<\/ul>\n<\/div>\n<p>No dude en compartirlo con los dem\u00e1s !!!<\/p>\n<div>\u00a0<\/div>\n<\/td>\n<\/tr>\n<\/tbody>\n<\/table>\n<\/td>\n<\/tr>\n<\/tbody>\n<\/table>\n<p>&nbsp;<\/p>\n<p><!-- \/wp:paragraph --><\/p>\n<p>[\/et_pb_text][\/et_pb_column][\/et_pb_row][\/et_pb_section]<\/p>\n","protected":false},"excerpt":{"rendered":"<p>\u00a0 \u00a0 Destinos y estancias \u00ad La temporada 2021 ha llegado a su fin. A pesar de otro a\u00f1o de incertidumbre y de proyectos aplazados, ha sido un a\u00f1o de realizaci\u00f3n para V\u00e9rtigo Blue: muchos encuentros, la consolidaci\u00f3n de colaboraciones iniciadas en 2020 y, sobre todo, \u00a1las primeras salidas! \u00ad \u00ad Por lo tanto, nos [&hellip;]<\/p>\n","protected":false},"author":2,"featured_media":1139,"comment_status":"open","ping_status":"open","sticky":false,"template":"","format":"standard","meta":{"_et_pb_use_builder":"on","_et_pb_old_content":"","_et_gb_content_width":""},"categories":[1],"tags":[],"yoast_head":"<!-- This site is optimized with the Yoast SEO plugin v20.2.1 - https:\/\/yoast.com\/wordpress\/plugins\/seo\/ -->\n<title>Programa 2022 - Vela y escalada en Mediterraneo<\/title>\n<meta name=\"robots\" content=\"index, follow, max-snippet:-1, max-image-preview:large, max-video-preview:-1\" \/>\n<link rel=\"canonical\" href=\"https:\/\/voile-escalade.com\/vertigoblue\/vela-escalada\/programa-2022\/\" \/>\n<meta property=\"og:locale\" content=\"es_ES\" \/>\n<meta property=\"og:type\" content=\"article\" \/>\n<meta property=\"og:title\" content=\"Programa 2022 - Vela y escalada en Mediterraneo\" \/>\n<meta property=\"og:description\" content=\"\u00a0 \u00a0 Destinos y estancias \u00ad La temporada 2021 ha llegado a su fin. A pesar de otro a\u00f1o de incertidumbre y de proyectos aplazados, ha sido un a\u00f1o de realizaci\u00f3n para V\u00e9rtigo Blue: muchos encuentros, la consolidaci\u00f3n de colaboraciones iniciadas en 2020 y, sobre todo, \u00a1las primeras salidas! \u00ad \u00ad Por lo tanto, nos [&hellip;]\" \/>\n<meta property=\"og:url\" content=\"https:\/\/voile-escalade.com\/vertigoblue\/vela-escalada\/programa-2022\/\" \/>\n<meta property=\"og:site_name\" content=\"Vela y escalada en Mediterraneo\" \/>\n<meta property=\"article:published_time\" content=\"2022-02-15T15:39:18+00:00\" \/>\n<meta property=\"article:modified_time\" content=\"2022-02-15T15:50:45+00:00\" \/>\n<meta property=\"og:image\" content=\"https:\/\/voile-escalade.com\/vertigoblue\/vela-escalada\/wp-content\/uploads\/sites\/4\/2021\/12\/destinations-vertigo-blue-mediterranee-voyage-voile.jpg\" \/>\n\t<meta property=\"og:image:width\" content=\"1920\" \/>\n\t<meta property=\"og:image:height\" content=\"1080\" \/>\n\t<meta property=\"og:image:type\" content=\"image\/jpeg\" \/>\n<meta name=\"author\" content=\"Sarah Marquina\" \/>\n<meta name=\"twitter:card\" content=\"summary_large_image\" \/>\n<meta name=\"twitter:label1\" content=\"Escrito por\" \/>\n\t<meta name=\"twitter:data1\" content=\"Sarah Marquina\" \/>\n\t<meta name=\"twitter:label2\" content=\"Tiempo de lectura\" \/>\n\t<meta name=\"twitter:data2\" content=\"2 minutos\" \/>\n<script type=\"application\/ld+json\" class=\"yoast-schema-graph\">{\"@context\":\"https:\/\/schema.org\",\"@graph\":[{\"@type\":\"WebPage\",\"@id\":\"https:\/\/voile-escalade.com\/vertigoblue\/vela-escalada\/programa-2022\/\",\"url\":\"https:\/\/voile-escalade.com\/vertigoblue\/vela-escalada\/programa-2022\/\",\"name\":\"Programa 2022 - Vela y escalada en Mediterraneo\",\"isPartOf\":{\"@id\":\"https:\/\/voile-escalade.com\/vertigoblue\/vela-escalada\/#website\"},\"datePublished\":\"2022-02-15T15:39:18+00:00\",\"dateModified\":\"2022-02-15T15:50:45+00:00\",\"author\":{\"@id\":\"https:\/\/voile-escalade.com\/vertigoblue\/vela-escalada\/#\/schema\/person\/76b73d0fbc6bdf5c520695dfe018c77f\"},\"breadcrumb\":{\"@id\":\"https:\/\/voile-escalade.com\/vertigoblue\/vela-escalada\/programa-2022\/#breadcrumb\"},\"inLanguage\":\"es\",\"potentialAction\":[{\"@type\":\"ReadAction\",\"target\":[\"https:\/\/voile-escalade.com\/vertigoblue\/vela-escalada\/programa-2022\/\"]}]},{\"@type\":\"BreadcrumbList\",\"@id\":\"https:\/\/voile-escalade.com\/vertigoblue\/vela-escalada\/programa-2022\/#breadcrumb\",\"itemListElement\":[{\"@type\":\"ListItem\",\"position\":1,\"name\":\"Accueil\",\"item\":\"https:\/\/voile-escalade.com\/vertigoblue\/vela-escalada\/\"},{\"@type\":\"ListItem\",\"position\":2,\"name\":\"Programa 2022\"}]},{\"@type\":\"WebSite\",\"@id\":\"https:\/\/voile-escalade.com\/vertigoblue\/vela-escalada\/#website\",\"url\":\"https:\/\/voile-escalade.com\/vertigoblue\/vela-escalada\/\",\"name\":\"Vela y escalada en Mediterraneo\",\"description\":\"Viajes deportivos vela y escalada\",\"potentialAction\":[{\"@type\":\"SearchAction\",\"target\":{\"@type\":\"EntryPoint\",\"urlTemplate\":\"https:\/\/voile-escalade.com\/vertigoblue\/vela-escalada\/?s={search_term_string}\"},\"query-input\":\"required name=search_term_string\"}],\"inLanguage\":\"es\"},{\"@type\":\"Person\",\"@id\":\"https:\/\/voile-escalade.com\/vertigoblue\/vela-escalada\/#\/schema\/person\/76b73d0fbc6bdf5c520695dfe018c77f\",\"name\":\"Sarah Marquina\",\"image\":{\"@type\":\"ImageObject\",\"inLanguage\":\"es\",\"@id\":\"https:\/\/voile-escalade.com\/vertigoblue\/vela-escalada\/#\/schema\/person\/image\/\",\"url\":\"https:\/\/secure.gravatar.com\/avatar\/b567f434b680b14edfffa0852edb74d7?s=96&d=mm&r=g\",\"contentUrl\":\"https:\/\/secure.gravatar.com\/avatar\/b567f434b680b14edfffa0852edb74d7?s=96&d=mm&r=g\",\"caption\":\"Sarah Marquina\"},\"sameAs\":[\"http:\/\/vertigoblue.fr\"],\"url\":\"https:\/\/voile-escalade.com\/vertigoblue\/vela-escalada\/author\/ad02_5864-_45vvv-eee12\/\"}]}<\/script>\n<!-- \/ Yoast SEO plugin. -->","yoast_head_json":{"title":"Programa 2022 - Vela y escalada en Mediterraneo","robots":{"index":"index","follow":"follow","max-snippet":"max-snippet:-1","max-image-preview":"max-image-preview:large","max-video-preview":"max-video-preview:-1"},"canonical":"https:\/\/voile-escalade.com\/vertigoblue\/vela-escalada\/programa-2022\/","og_locale":"es_ES","og_type":"article","og_title":"Programa 2022 - Vela y escalada en Mediterraneo","og_description":"\u00a0 \u00a0 Destinos y estancias \u00ad La temporada 2021 ha llegado a su fin. A pesar de otro a\u00f1o de incertidumbre y de proyectos aplazados, ha sido un a\u00f1o de realizaci\u00f3n para V\u00e9rtigo Blue: muchos encuentros, la consolidaci\u00f3n de colaboraciones iniciadas en 2020 y, sobre todo, \u00a1las primeras salidas! \u00ad \u00ad Por lo tanto, nos [&hellip;]","og_url":"https:\/\/voile-escalade.com\/vertigoblue\/vela-escalada\/programa-2022\/","og_site_name":"Vela y escalada en Mediterraneo","article_published_time":"2022-02-15T15:39:18+00:00","article_modified_time":"2022-02-15T15:50:45+00:00","og_image":[{"width":1920,"height":1080,"url":"https:\/\/voile-escalade.com\/vertigoblue\/vela-escalada\/wp-content\/uploads\/sites\/4\/2021\/12\/destinations-vertigo-blue-mediterranee-voyage-voile.jpg","type":"image\/jpeg"}],"author":"Sarah Marquina","twitter_card":"summary_large_image","twitter_misc":{"Escrito por":"Sarah Marquina","Tiempo de lectura":"2 minutos"},"schema":{"@context":"https:\/\/schema.org","@graph":[{"@type":"WebPage","@id":"https:\/\/voile-escalade.com\/vertigoblue\/vela-escalada\/programa-2022\/","url":"https:\/\/voile-escalade.com\/vertigoblue\/vela-escalada\/programa-2022\/","name":"Programa 2022 - Vela y escalada en Mediterraneo","isPartOf":{"@id":"https:\/\/voile-escalade.com\/vertigoblue\/vela-escalada\/#website"},"datePublished":"2022-02-15T15:39:18+00:00","dateModified":"2022-02-15T15:50:45+00:00","author":{"@id":"https:\/\/voile-escalade.com\/vertigoblue\/vela-escalada\/#\/schema\/person\/76b73d0fbc6bdf5c520695dfe018c77f"},"breadcrumb":{"@id":"https:\/\/voile-escalade.com\/vertigoblue\/vela-escalada\/programa-2022\/#breadcrumb"},"inLanguage":"es","potentialAction":[{"@type":"ReadAction","target":["https:\/\/voile-escalade.com\/vertigoblue\/vela-escalada\/programa-2022\/"]}]},{"@type":"BreadcrumbList","@id":"https:\/\/voile-escalade.com\/vertigoblue\/vela-escalada\/programa-2022\/#breadcrumb","itemListElement":[{"@type":"ListItem","position":1,"name":"Accueil","item":"https:\/\/voile-escalade.com\/vertigoblue\/vela-escalada\/"},{"@type":"ListItem","position":2,"name":"Programa 2022"}]},{"@type":"WebSite","@id":"https:\/\/voile-escalade.com\/vertigoblue\/vela-escalada\/#website","url":"https:\/\/voile-escalade.com\/vertigoblue\/vela-escalada\/","name":"Vela y escalada en Mediterraneo","description":"Viajes deportivos vela y escalada","potentialAction":[{"@type":"SearchAction","target":{"@type":"EntryPoint","urlTemplate":"https:\/\/voile-escalade.com\/vertigoblue\/vela-escalada\/?s={search_term_string}"},"query-input":"required name=search_term_string"}],"inLanguage":"es"},{"@type":"Person","@id":"https:\/\/voile-escalade.com\/vertigoblue\/vela-escalada\/#\/schema\/person\/76b73d0fbc6bdf5c520695dfe018c77f","name":"Sarah Marquina","image":{"@type":"ImageObject","inLanguage":"es","@id":"https:\/\/voile-escalade.com\/vertigoblue\/vela-escalada\/#\/schema\/person\/image\/","url":"https:\/\/secure.gravatar.com\/avatar\/b567f434b680b14edfffa0852edb74d7?s=96&d=mm&r=g","contentUrl":"https:\/\/secure.gravatar.com\/avatar\/b567f434b680b14edfffa0852edb74d7?s=96&d=mm&r=g","caption":"Sarah Marquina"},"sameAs":["http:\/\/vertigoblue.fr"],"url":"https:\/\/voile-escalade.com\/vertigoblue\/vela-escalada\/author\/ad02_5864-_45vvv-eee12\/"}]}},"_links":{"self":[{"href":"https:\/\/voile-escalade.com\/vertigoblue\/vela-escalada\/wp-json\/wp\/v2\/posts\/1261"}],"collection":[{"href":"https:\/\/voile-escalade.com\/vertigoblue\/vela-escalada\/wp-json\/wp\/v2\/posts"}],"about":[{"href":"https:\/\/voile-escalade.com\/vertigoblue\/vela-escalada\/wp-json\/wp\/v2\/types\/post"}],"author":[{"embeddable":true,"href":"https:\/\/voile-escalade.com\/vertigoblue\/vela-escalada\/wp-json\/wp\/v2\/users\/2"}],"replies":[{"embeddable":true,"href":"https:\/\/voile-escalade.com\/vertigoblue\/vela-escalada\/wp-json\/wp\/v2\/comments?post=1261"}],"version-history":[{"count":7,"href":"https:\/\/voile-escalade.com\/vertigoblue\/vela-escalada\/wp-json\/wp\/v2\/posts\/1261\/revisions"}],"predecessor-version":[{"id":1269,"href":"https:\/\/voile-escalade.com\/vertigoblue\/vela-escalada\/wp-json\/wp\/v2\/posts\/1261\/revisions\/1269"}],"wp:featuredmedia":[{"embeddable":true,"href":"https:\/\/voile-escalade.com\/vertigoblue\/vela-escalada\/wp-json\/wp\/v2\/media\/1139"}],"wp:attachment":[{"href":"https:\/\/voile-escalade.com\/vertigoblue\/vela-escalada\/wp-json\/wp\/v2\/media?parent=1261"}],"wp:term":[{"taxonomy":"category","embeddable":true,"href":"https:\/\/voile-escalade.com\/vertigoblue\/vela-escalada\/wp-json\/wp\/v2\/categories?post=1261"},{"taxonomy":"post_tag","embeddable":true,"href":"https:\/\/voile-escalade.com\/vertigoblue\/vela-escalada\/wp-json\/wp\/v2\/tags?post=1261"}],"curies":[{"name":"wp","href":"https:\/\/api.w.org\/{rel}","templated":true}]}}